
{"id":13353,"date":"2022-04-23T23:09:01","date_gmt":"2022-04-23T21:09:01","guid":{"rendered":"https:\/\/lezajsk.przemyska.pl\/?p=13353"},"modified":"2022-04-23T23:09:01","modified_gmt":"2022-04-23T21:09:01","slug":"ii-niedziela-wielkanocna-swieto-milosierdzia-bozego-24-04-2022-r","status":"publish","type":"post","link":"https:\/\/lezajsk.przemyska.pl\/?p=13353","title":{"rendered":"II Niedziela wielkanocna &#8211; \u015awi\u0119to Mi\u0142osierdzia Bo\u017cego &#8211; 24.04.2022 r."},"content":{"rendered":"<ol>\n<li>Dzi\u015b z racji <strong>Niedzieli Mi\u0142osierdzia Bo\u017cego,<\/strong> po ka\u017cdej Mszy \u015bw. odm\u00f3wimy wsp\u00f3lnie Koronk\u0119 do Bo\u017cego Mi\u0142osierdzia. Popo\u0142udniu koronka w ko\u015bciele Jezusa Mi\u0142osiernego <strong>w\u00a0Godzinie Mi\u0142osierdzia tj. o godz. 15.00 <\/strong>i wieczorem <strong>w Farze o godz. 17.30<\/strong>. Przypominamy, \u017ce wierni w Polsce codziennie mog\u0105 zyskiwa\u0107 <strong>odpust zupe\u0142ny<\/strong> za pobo\u017cne odm\u00f3wienie koronki do Bo\u017cego Mi\u0142osierdzia przed Naj\u015bwi\u0119tszym Sakramentem w\u00a0ko\u015bciele. Chorzy oczywi\u015bcie mog\u0105 zyskiwa\u0107 ten odpust w domu.<\/li>\n<li>Dzi\u015b tak\u017ce rozpoczyna si\u0119 kolejny <strong>Tydzie\u0144 Mi\u0142osierdzia<\/strong>.<\/li>\n<li>Jutro przypada <strong>\u015bwi\u0119to \u015bw. Marka<\/strong> \u2013 <strong>Dzie\u0144 imienin naszego ks. Proboszcza<\/strong>. Pami\u0119tajmy o nim z tej okazji w naszych modlitwach.<\/li>\n<li>We wtorek liturgiczna <strong>uroczysto\u015b\u0107 \u015aw. Wojciecha \u2013 biskupa i m\u0119czennika, patrona Polski, <\/strong>przeniesiona z 23 kwietnia ze wzgl\u0119du na Oktaw\u0119 Wielkanocn\u0105.<\/li>\n<li>W tym tygodniu, <strong>w \u015brod\u0119 i czwartek na spotkanie do Fary na godz. 16.00, <\/strong>zapraszamy dzieci <strong>z klas IV<\/strong> z rodzicami<strong>, <\/strong>w ramach przygotowania do rocznicy I Komunii \u015bw.<\/li>\n<li>Za tydzie\u0144 <strong>Niedziela Biblijna<\/strong>, rozpoczynaj\u0105ca <strong>Og\u00f3lnopolski Tydzie\u0144 Biblijny<\/strong>.<\/li>\n<li>W pi\u0105tek po Mszy \u015bw. wieczornej <strong>zapraszamy Zelator\u00f3w R\u00f3\u017c R\u00f3\u017ca\u0144cowych<\/strong> na kr\u00f3tkie spotkanie do salki katechetycznej.<\/li>\n<li>Tak\u017ce za tydzie\u0144 w niedziel\u0119 <strong>rozpoczynamy miesi\u0105c maj<\/strong> a wraz z nim <strong>nabo\u017ce\u0144stwa majowe<\/strong>. Nabo\u017ce\u0144stwa w tygodniu b\u0119d\u0105 si\u0119 rozpoczyna\u0107 <strong>o godz. 18.00<\/strong>, litani\u0105 do MB a po niej Msza \u015bw. wieczorna. W niedziele i uroczysto\u015bci \u201emaj\u00f3wk\u0119\u201d b\u0119dziemy odprawia\u0107 o\u00a0godz. 17.30. Liczny udzia\u0142 w tych\u017ce nabo\u017ce\u0144stwach, niech b\u0119dzie wyrazem naszej czci i\u00a0szacunku do Matki Naj\u015bwi\u0119tszej.<\/li>\n<li>Dzi\u015b z racji <strong>Tygodnia Mi\u0142osierdzia<\/strong>, przed ko\u015bcio\u0142em zapowiadana <strong>zbi\u00f3rka do puszek Caritas,<\/strong> za\u015b za tydzie\u0144, odpowiadaj\u0105c na pro\u015bb\u0119 rodziny, zechcemy wesprze\u0107 17 letniego <strong>B\u0142a\u017ceja Niemczyka z Wierzawic<\/strong>, kt\u00f3ry zmaga si\u0119 z powa\u017cn\u0105 chorob\u0105 a rodzina i\u00a0przyjaciele zbieraj\u0105 \u015brodki na kosztown\u0105 terapi\u0119. Ofiary do puszek za tydzie\u0144, b\u0119d\u0105 zbiera\u0107 koledzy szkolni B\u0142a\u017ceja z Wierzawic. Szczeg\u00f3\u0142y na tablicy og\u0142osze\u0144.<\/li>\n<li>W dniach 6-13 lipca zapraszamy do udzia\u0142u w <strong>Pielgrzymce do Ziemi \u015awi\u0119tej<\/strong>. Wi\u0119cej informacji na plakacie w gablocie i u ks. Witolda.<\/li>\n<li><strong>W Siewcy<\/strong> przed po\u0142udniem do nabycia prasa i publikacje katolickie a przed ko\u015bcio\u0142em z\u00a0r\u0105k ministrant\u00f3w mo\u017cna odebra\u0107 kolejny darmowy numer <strong>Dobrych Nowin<\/strong>.<\/li>\n<\/ol>\n<p><strong><u>Intencje zbiorowe: <\/u><\/strong><\/p>\n<ul>\n<li>W intencji ks. Proboszcza z okazji imienin \u2013 Msze \u015bw. od Akcji Katolickiej, Stra\u017cy Honorowej NSPJ, \u00a0R\u00f3\u017c R\u00f3\u017ca\u0144cowych i Bractwa Szkaplerza \u015awi\u0119tego \u2013 poniedzia\u0142ek, godz. 18.00.<\/li>\n<li>W intencji Ko\u015bcio\u0142a, Ojczyzny, naszej parafii i naszych rodzin za przyczyn\u0105 \u015bw. Micha\u0142a Archanio\u0142a \u2013 wtorek, godz. 6.30.<\/li>\n<li>Za \u015bp. Ryszarda Brodalk\u0119 \u2013 intencja od s\u0105siad\u00f3w z klatki \u2013 \u015broda i czwartek, godz. 6.30.<\/li>\n<li>W intencji nowennowych pr\u00f3\u015bb i podzi\u0119kowa\u0144 do MB Pocieszenia \u2013 \u015broda, godz. 18.00.<\/li>\n<li>Z R\u00f3\u017cy \u015bw. \u0141ukasza \u2013 niedziela, godz. 8.30.<\/li>\n<li>Z R\u00f3\u017cy \u015bw. Jana Paw\u0142a II \u2013 niedziela, godz. 16.00.<\/li>\n<li>Msze \u015bw. gregoria\u0144skie za \u015bp. Edwarda Paduch \u2013 pocz\u0105tek, niedziela, godz. 18.00.<\/li>\n<li>Msze \u015bw. gregoria\u0144skie za \u015bp. J\u00f3zefa Jagustyna \u2013 pocz\u0105tek, niedziela, godz. 18.00 (poza parafi\u0105).<\/li>\n<\/ul>\n<p>W ostatnim tygodniu odesz\u0142y od nas do wieczno\u015bci <strong>\u015bp. Janina Strzelecka <\/strong>z ul. Kopernika i\u00a0<strong>Lucyna Jasion<\/strong> z ul. Braci \u015aniadeckich \u2013 wieczny odpoczynek \u2026..<\/p>\n","protected":false},"excerpt":{"rendered":"<p>Dzi\u015b z racji Niedzieli Mi\u0142osierdzia Bo\u017cego, po ka\u017cdej Mszy \u015bw. odm\u00f3wimy wsp\u00f3lnie Koronk\u0119 do Bo\u017cego Mi\u0142osierdzia. Popo\u0142udniu koronka w ko\u015bciele Jezusa Mi\u0142osiernego w\u00a0Godzinie Mi\u0142osierdzia tj. o godz. 15.00 i wieczorem w Farze o godz. 17.30. Przypominamy, \u017ce wierni w Polsce codziennie mog\u0105 zyskiwa\u0107 odpust zupe\u0142ny za pobo\u017cne odm\u00f3wienie koronki do Bo\u017cego Mi\u0142osierdzia przed Naj\u015bwi\u0119tszym Sakramentem [&hellip;]<\/p>\n","protected":false},"author":4,"featured_media":0,"comment_status":"closed","ping_status":"open","sticky":false,"template":"","format":"standard","meta":[],"categories":[5],"tags":[],"_links":{"self":[{"href":"https:\/\/lezajsk.przemyska.pl\/index.php?rest_route=\/wp\/v2\/posts\/13353"}],"collection":[{"href":"https:\/\/lezajsk.przemyska.pl\/index.php?rest_route=\/wp\/v2\/posts"}],"about":[{"href":"https:\/\/lezajsk.przemyska.pl\/index.php?rest_route=\/wp\/v2\/types\/post"}],"author":[{"embeddable":true,"href":"https:\/\/lezajsk.przemyska.pl\/index.php?rest_route=\/wp\/v2\/users\/4"}],"replies":[{"embeddable":true,"href":"https:\/\/lezajsk.przemyska.pl\/index.php?rest_route=%2Fwp%2Fv2%2Fcomments&post=13353"}],"version-history":[{"count":1,"href":"https:\/\/lezajsk.przemyska.pl\/index.php?rest_route=\/wp\/v2\/posts\/13353\/revisions"}],"predecessor-version":[{"id":13354,"href":"https:\/\/lezajsk.przemyska.pl\/index.php?rest_route=\/wp\/v2\/posts\/13353\/revisions\/13354"}],"wp:attachment":[{"href":"https:\/\/lezajsk.przemyska.pl\/index.php?rest_route=%2Fwp%2Fv2%2Fmedia&parent=13353"}],"wp:term":[{"taxonomy":"category","embeddable":true,"href":"https:\/\/lezajsk.przemyska.pl\/index.php?rest_route=%2Fwp%2Fv2%2Fcategories&post=13353"},{"taxonomy":"post_tag","embeddable":true,"href":"https:\/\/lezajsk.przemyska.pl\/index.php?rest_route=%2Fwp%2Fv2%2Ftags&post=13353"}],"curies":[{"name":"wp","href":"https:\/\/api.w.org\/{rel}","templated":true}]}}