
{"id":13350,"date":"2022-04-17T19:18:37","date_gmt":"2022-04-17T17:18:37","guid":{"rendered":"https:\/\/lezajsk.przemyska.pl\/?p=13350"},"modified":"2022-04-17T19:18:37","modified_gmt":"2022-04-17T17:18:37","slug":"poniedzialek-wielkanocny-18-04-2022-r","status":"publish","type":"post","link":"https:\/\/lezajsk.przemyska.pl\/?p=13350","title":{"rendered":"Poniedzia\u0142ek Wielkanocny &#8211; 18.04.2022 r."},"content":{"rendered":"<ol>\n<li>Rozpoczynamy tzw. <strong>\u201eBia\u0142y Tydzie\u0144\u201d \u2013 oktaw\u0119 Wielkanocy<\/strong>, kt\u00f3ra jest przed\u0142u\u017ceniem \u015bwi\u0119towania pami\u0105tki Zmartwychwstania Pana Jezusa na ca\u0142y tydzie\u0144, dlatego <strong>w\u00a0najbli\u017cszy pi\u0105tek nie obowi\u0105zuje wstrzemi\u0119\u017aliwo\u015b\u0107 od pokarm\u00f3w mi\u0119snych<\/strong>.<\/li>\n<li>Najbli\u017csza niedziela, to <strong>Niedziela Mi\u0142osierdzia Bo\u017cego<\/strong> i z tej okazji za tydzie\u0144 po ka\u017cdej Mszy \u015bw. odm\u00f3wimy <strong>Koronk\u0119 do Bo\u017cego Mi\u0142osierdzia<\/strong>. Ponadto, w\u00a0ko\u015bciele Jezusa Mi\u0142osiernego, odm\u00f3wimy Koronk\u0119 do Bo\u017cego Mi\u0142osierdzia o\u00a0godz. 15.00. <strong>Przypominamy, \u017ce nowenna przed \u015bwi\u0119tem Mi\u0142osierdzia Bo\u017cego b\u0119dzie odprawiana codziennie o godz. 18.00 <\/strong>i b\u0119dzie poprzedza\u0107 wieczorn\u0105 Msz\u0119 \u015bw<strong>.<\/strong><\/li>\n<li>We wtorek <strong>nowenna do \u015aw. J\u00f3zefa \u2013 Oblubie\u0144ca NMP<\/strong>. Podzi\u0119kowania i\u00a0pro\u015bby mo\u017cna sk\u0142ada\u0107 bezpo\u015brednio przed nabo\u017ce\u0144stwem na o\u0142tarzu Matki Bo\u017cej.<\/li>\n<li>W Niedziel\u0119 Bo\u017cego Mi\u0142osierdzia rozpocznie si\u0119 kolejny <strong>Tydzie\u0144 Mi\u0142osierdzia<\/strong>.<\/li>\n<li>Tak\u017ce w najbli\u017csz\u0105 niedziel\u0119 <strong>dzie\u0144 imienin naszego wikariusza ks. Grzegorza Rogoza<\/strong>. Pami\u0119tajmy o\u00a0Nim w naszych modlitwach.<\/li>\n<li><strong>W Niedziel\u0119 Mi\u0142osierdzia, zbi\u00f3rka do puszek Caritas<\/strong> z przeznaczeniem na pomoc potrzebuj\u0105cym. O przeprowadzenie tej\u017ce zbi\u00f3rki prosimy R\u00f3\u017ce R\u00f3\u017ca\u0144cowe. R\u00f3wnocze\u015bnie prosimy wszystkich, kt\u00f3rzy przez okres Wielkiego Postu oszcz\u0119dzali pieni\u0105\u017cki do specjalnych <strong>skarbonek Caritas, <\/strong>aby przynie\u015bli je w najbli\u017csz\u0105 niedziel\u0119 i\u00a0z\u0142o\u017cyli jako dar ofiarny w czasie dowolnej Mszy \u015bw.<\/li>\n<li>Na o\u0142tarzach, jest jeszcze do odebrania najnowsza parafialna <strong>gazetka Siewca<\/strong>. Serdecznie polecamy.<\/li>\n<\/ol>\n<p><strong><u>Intencje zbiorowe: <\/u><\/strong><\/p>\n<ul>\n<li>W intencji Ko\u015bcio\u0142a, Ojczyzny, naszej parafii i naszych rodzin za przyczyn\u0105 \u015bw. Micha\u0142a Archanio\u0142a \u2013 wtorek, godz. 6.30.<\/li>\n<li>Za dusze w czy\u015b\u0107cu cierpi\u0105ce \u2013 intencja od Apostolskiego Dzie\u0142a Pomocy Duszom \u00a0Czy\u015b\u0107cowym \u2013 \u015broda, godz. 7.00.<\/li>\n<li>W intencji nowennowych pr\u00f3\u015bb i podzi\u0119kowa\u0144 do MB Pocieszenia \u2013 \u015broda, godz. 18.00.<\/li>\n<li>Za \u015bp. Emila Chamiec \u2013 intencja od s\u0105siad\u00f3w z ulicy \u2013 sobota, godz. 7.00.<\/li>\n<li>W intencji ks. Grzegorza Rogoza z okazji imienin \u2013 intencje od Stra\u017cy Honorowej NSPJ \u2013 niedziela, godz. 10.00.<\/li>\n<\/ul>\n<p>W ostatnim tygodniu odesz\u0142a od nas do wieczno\u015bci <strong>\u015bp. Eugenia Janas <\/strong>z ul. Mickiewicza \u2013 wieczny odpoczynek \u2026..<\/p>\n<p>&nbsp;<\/p>\n","protected":false},"excerpt":{"rendered":"<p>Rozpoczynamy tzw. \u201eBia\u0142y Tydzie\u0144\u201d \u2013 oktaw\u0119 Wielkanocy, kt\u00f3ra jest przed\u0142u\u017ceniem \u015bwi\u0119towania pami\u0105tki Zmartwychwstania Pana Jezusa na ca\u0142y tydzie\u0144, dlatego w\u00a0najbli\u017cszy pi\u0105tek nie obowi\u0105zuje wstrzemi\u0119\u017aliwo\u015b\u0107 od pokarm\u00f3w mi\u0119snych. Najbli\u017csza niedziela, to Niedziela Mi\u0142osierdzia Bo\u017cego i z tej okazji za tydzie\u0144 po ka\u017cdej Mszy \u015bw. odm\u00f3wimy Koronk\u0119 do Bo\u017cego Mi\u0142osierdzia. Ponadto, w\u00a0ko\u015bciele Jezusa Mi\u0142osiernego, odm\u00f3wimy Koronk\u0119 do [&hellip;]<\/p>\n","protected":false},"author":4,"featured_media":0,"comment_status":"closed","ping_status":"open","sticky":false,"template":"","format":"standard","meta":[],"categories":[5],"tags":[],"_links":{"self":[{"href":"https:\/\/lezajsk.przemyska.pl\/index.php?rest_route=\/wp\/v2\/posts\/13350"}],"collection":[{"href":"https:\/\/lezajsk.przemyska.pl\/index.php?rest_route=\/wp\/v2\/posts"}],"about":[{"href":"https:\/\/lezajsk.przemyska.pl\/index.php?rest_route=\/wp\/v2\/types\/post"}],"author":[{"embeddable":true,"href":"https:\/\/lezajsk.przemyska.pl\/index.php?rest_route=\/wp\/v2\/users\/4"}],"replies":[{"embeddable":true,"href":"https:\/\/lezajsk.przemyska.pl\/index.php?rest_route=%2Fwp%2Fv2%2Fcomments&post=13350"}],"version-history":[{"count":1,"href":"https:\/\/lezajsk.przemyska.pl\/index.php?rest_route=\/wp\/v2\/posts\/13350\/revisions"}],"predecessor-version":[{"id":13351,"href":"https:\/\/lezajsk.przemyska.pl\/index.php?rest_route=\/wp\/v2\/posts\/13350\/revisions\/13351"}],"wp:attachment":[{"href":"https:\/\/lezajsk.przemyska.pl\/index.php?rest_route=%2Fwp%2Fv2%2Fmedia&parent=13350"}],"wp:term":[{"taxonomy":"category","embeddable":true,"href":"https:\/\/lezajsk.przemyska.pl\/index.php?rest_route=%2Fwp%2Fv2%2Fcategories&post=13350"},{"taxonomy":"post_tag","embeddable":true,"href":"https:\/\/lezajsk.przemyska.pl\/index.php?rest_route=%2Fwp%2Fv2%2Ftags&post=13350"}],"curies":[{"name":"wp","href":"https:\/\/api.w.org\/{rel}","templated":true}]}}