
{"id":1329,"date":"2017-04-12T11:13:20","date_gmt":"2017-04-12T09:13:20","guid":{"rendered":"http:\/\/lezajsk.przemyska.pl\/?p=1329"},"modified":"2017-04-12T16:28:07","modified_gmt":"2017-04-12T14:28:07","slug":"swiete-triduum-paschalne","status":"publish","type":"post","link":"https:\/\/lezajsk.przemyska.pl\/?p=1329","title":{"rendered":"\u015awi\u0119te Triduum Paschalne."},"content":{"rendered":"<h2 style=\"text-align: center;\"><span style=\"color: #ff0000;\"><strong>Porz\u0105dek Nabo\u017ce\u0144stw w\u00a0Wielkim Tygodniu<\/strong><\/span><\/h2>\n<h4 style=\"text-align: center;\"><strong><span style=\"color: #ff0000;\">Parafia \u015awi\u0119tej Tr\u00f3jcy w Le\u017cajsku:<\/span><br \/>\n<\/strong><\/h4>\n<p style=\"text-align: left;\"><strong><span style=\"color: #0000ff;\"><u>Wielki Czwartek.\u00a0<\/u><\/span><\/strong><\/p>\n<p><span style=\"color: #000000;\">W tym dniu rano mo\u017ce by\u0107 sprawowana tylko jedna Msza \u015awi\u0119ta &#8211; tzw. Msza Krzy\u017cma \u015bwi\u0119tego. Celebrowana jest w ko\u015bciele katedralnym przez biskupa i prezbiter\u00f3w w ka\u017cdej diecezji. Biskup konsekruje oleje, kt\u00f3re kap\u0142ani zabieraj\u0105 do swoich parafii.<\/span><\/p>\n<p><span style=\"color: #000000;\">Wieczorem odprawia si\u0119 uroczyst\u0105 Msz\u0119 Wieczerzy Pa\u0144skiej, kt\u00f3ra rozpoczyna Triduum Paschalne. To pami\u0105tka Ostatniej Wieczerzy i ustanowienia dw\u00f3ch sakrament\u00f3w &#8211; Kap\u0142a\u0144stwa i Eucharystii. Wielki Czwartek to \u015bwi\u0119to wszystkich kap\u0142an\u00f3w.\u00a0<\/span><span style=\"color: #000000;\">Po mszy \u015bw. przenosi si\u0119 Naj\u015bwi\u0119tszy Sakrament do kaplicy adoracji, zwanej ciemnic\u0105. Z o\u0142tarza zdejmowany jest obrus i \u015bwiece.<\/span><\/p>\n<h2 style=\"text-align: center;\"><span style=\"color: #ff0000;\"><strong>Msza Wieczerzy Pa\u0144skiej &#8211; godz. 18.00<\/strong><\/span><\/h2>\n<h2 style=\"text-align: center;\"><span style=\"color: #ff0000;\"><strong>Adoracja do godz. 24.00<\/strong><\/span><\/h2>\n<p><span style=\"color: #ff0000;\"><strong><u>Wielki Pi\u0105tek.\u00a0<\/u><\/strong><\/span><\/p>\n<p><span style=\"color: #000000;\">To jedyny dzie\u0144 w roku, w kt\u00f3rym nie odprawia si\u0119 Mszy \u015bwi\u0119tych. Wiernych obowi\u0105zuje post \u015bcis\u0142y &#8211; ilo\u015bciowy i jako\u015bciowy. Od rana w ko\u015bcio\u0142ach trwa adoracja Naj\u015bwi\u0119tszego Sakramentu. Najwa\u017cniejsza tego dnia jest Liturgia M\u0119ki Pa\u0144skiej. Wierni podchodz\u0105 i ca\u0142uj\u0105 krzy\u017c. W wielu ko\u015bcio\u0142ach odprawiane jest nabo\u017ce\u0144stwo Drogi Krzy\u017cowej.<\/span><\/p>\n<h2 style=\"text-align: center;\"><span style=\"color: #ff0000;\"><strong>Droga Krzy\u017cowa &#8211; godz. 9.00<\/strong><\/span><\/h2>\n<h2 style=\"text-align: center;\"><span style=\"color: #ff0000;\"><strong>Liturgia M\u0119ki Pa\u0144skiej &#8211; godz.18.00<\/strong><\/span><\/h2>\n<h2 style=\"text-align: center;\"><span style=\"color: #ff0000;\"><strong>Adoracja do godz. 24.00<\/strong><\/span><\/h2>\n<p><strong>\u00a0<\/strong><span style=\"color: #0000ff;\"><strong><u>Wielka Sobota.\u00a0<\/u><\/strong><\/span><\/p>\n<p><span style=\"color: #000000;\">Tego dnia \u015bwi\u0119cone s\u0105 tradycyjne pokarmy. Ca\u0142\u0105 sobot\u0119 trwa adoracja Naj\u015bwi\u0119tszego Sakramentu. G\u0142\u00f3wnym punktem Wielkiej Soboty jest wieczorna, bardzo uroczysta Wigilia Paschalna. To najwa\u017cniejsza liturgia w Roku Liturgicznym. Wszystkie obrz\u0119dy Wigilii Paschalnej odbywaj\u0105 si\u0119 w wieczorem: nie wolno ich rozpocz\u0105\u0107, zanim nie zapadnie zmierzch. W ko\u015bcio\u0142ach rozbrzmiewa ju\u017c radosne Alleluja, kt\u00f3re zwiastuje Zmartwychwstanie Chrystusa.<\/span><\/p>\n<h2 style=\"text-align: center;\"><span style=\"color: #ff0000;\"><strong>Po\u015bwi\u0119cenie pokarm\u00f3w od 8<sup>00<\/sup>\u00a0\u2013 14<sup>00<\/sup>\u00a0(co godzin\u0119)<\/strong><\/span><\/h2>\n<h2 style=\"text-align: center;\"><span style=\"color: #ff0000;\"><strong>Wigilia Paschalna &#8211; godz. 19.00<\/strong><\/span><\/h2>\n<p><strong>\u00a0<\/strong><span style=\"color: #ff0000;\"><strong><u>Niedziela Wielkanocna:<\/u><\/strong><\/span><\/p>\n<p><span style=\"color: #000000;\">Obchody Niedzieli Zmartwychwstania rozpoczyna procesja rezurekcyjna. Rusza o \u015bwicie i jest bardzo bogata. Po jej zako\u0144czeniu w ko\u015bciele od\u015bpiewywany jest hymn Te Deum (Ciebie Boga wys\u0142awiamy). Liturgia tego dnia jest bardzo uroczysta. W pie\u015bniach rozbrzmiewa Alleluja.<\/span><\/p>\n<h2 style=\"text-align: center;\"><span style=\"color: #ff0000;\"><strong>Msze \u015bw. godz.: 6.00,\u00a0 8.30, 10.00,\u00a011.30 i 18.00.<\/strong><\/span><\/h2>\n<h2 style=\"text-align: center;\"><span style=\"color: #ff0000;\"><strong>(nie b\u0119dzie Mszy \u015bw. o godz. 16.00).<\/strong><\/span><\/h2>\n<p><strong>\u00a0<\/strong><span style=\"color: #0000ff;\"><strong><u>Poniedzia\u0142ek Wielkanocny:<\/u><\/strong><\/span><\/p>\n<h2 style=\"text-align: center;\"><span style=\"color: #ff0000;\"><strong>Msze \u015bw.:\u00a0godz. 7.00,\u00a0 8.30, 10.00,\u00a011.30 i 18.00.<\/strong><\/span><\/h2>\n<h2 style=\"text-align: center;\"><span style=\"color: #ff0000;\"><strong>(nie b\u0119dzie Mszy \u015bw. o godz. 16.00).<\/strong><\/span><\/h2>\n","protected":false},"excerpt":{"rendered":"<p>Porz\u0105dek Nabo\u017ce\u0144stw w\u00a0Wielkim Tygodniu Parafia \u015awi\u0119tej Tr\u00f3jcy w Le\u017cajsku: Wielki Czwartek.\u00a0 W tym dniu rano mo\u017ce by\u0107 sprawowana tylko jedna Msza \u015awi\u0119ta &#8211; tzw. Msza Krzy\u017cma \u015bwi\u0119tego. Celebrowana jest w ko\u015bciele katedralnym przez biskupa i prezbiter\u00f3w w ka\u017cdej diecezji. Biskup konsekruje oleje, kt\u00f3re kap\u0142ani zabieraj\u0105 do swoich parafii. Wieczorem odprawia si\u0119 uroczyst\u0105 Msz\u0119 Wieczerzy Pa\u0144skiej, [&hellip;]<\/p>\n","protected":false},"author":5,"featured_media":1330,"comment_status":"closed","ping_status":"open","sticky":false,"template":"","format":"standard","meta":[],"categories":[4],"tags":[],"_links":{"self":[{"href":"https:\/\/lezajsk.przemyska.pl\/index.php?rest_route=\/wp\/v2\/posts\/1329"}],"collection":[{"href":"https:\/\/lezajsk.przemyska.pl\/index.php?rest_route=\/wp\/v2\/posts"}],"about":[{"href":"https:\/\/lezajsk.przemyska.pl\/index.php?rest_route=\/wp\/v2\/types\/post"}],"author":[{"embeddable":true,"href":"https:\/\/lezajsk.przemyska.pl\/index.php?rest_route=\/wp\/v2\/users\/5"}],"replies":[{"embeddable":true,"href":"https:\/\/lezajsk.przemyska.pl\/index.php?rest_route=%2Fwp%2Fv2%2Fcomments&post=1329"}],"version-history":[{"count":4,"href":"https:\/\/lezajsk.przemyska.pl\/index.php?rest_route=\/wp\/v2\/posts\/1329\/revisions"}],"predecessor-version":[{"id":1335,"href":"https:\/\/lezajsk.przemyska.pl\/index.php?rest_route=\/wp\/v2\/posts\/1329\/revisions\/1335"}],"wp:featuredmedia":[{"embeddable":true,"href":"https:\/\/lezajsk.przemyska.pl\/index.php?rest_route=\/wp\/v2\/media\/1330"}],"wp:attachment":[{"href":"https:\/\/lezajsk.przemyska.pl\/index.php?rest_route=%2Fwp%2Fv2%2Fmedia&parent=1329"}],"wp:term":[{"taxonomy":"category","embeddable":true,"href":"https:\/\/lezajsk.przemyska.pl\/index.php?rest_route=%2Fwp%2Fv2%2Fcategories&post=1329"},{"taxonomy":"post_tag","embeddable":true,"href":"https:\/\/lezajsk.przemyska.pl\/index.php?rest_route=%2Fwp%2Fv2%2Ftags&post=1329"}],"curies":[{"name":"wp","href":"https:\/\/api.w.org\/{rel}","templated":true}]}}