
{"id":12981,"date":"2022-04-09T21:37:39","date_gmt":"2022-04-09T19:37:39","guid":{"rendered":"https:\/\/lezajsk.przemyska.pl\/?p=12981"},"modified":"2022-04-11T07:57:37","modified_gmt":"2022-04-11T05:57:37","slug":"niedziela-meki-panskiej-palmowa-10-04-2022-r","status":"publish","type":"post","link":"https:\/\/lezajsk.przemyska.pl\/?p=12981","title":{"rendered":"Niedziela M\u0119ki Pa\u0144skiej &#8211; Palmowa &#8211; 10.04.2022 r."},"content":{"rendered":"<ol>\n<li>Dzi\u015b zapraszamy jeszcze na <strong>nabo\u017ce\u0144stwo Gorzkich \u017bali<\/strong> z kazaniem pasyjnym na godz. 17.00 w obu ko\u015bcio\u0142ach.<\/li>\n<li>Dzisiejsz\u0105 niedziel\u0105 rozpoczynamy<strong> Wielki Tydzie\u0144<\/strong>. Prze\u017cywa\u0107 b\u0119dziemy <strong>\u015awi\u0119te Triduum Paschalne<\/strong>. Niech pami\u0119\u0107 o tym, co uczyni\u0142 Chrystus dla naszego zbawienia, zgromadzi nas jak najliczniej w naszej Farze na tych, jak\u017ce pi\u0119knych, nabo\u017ce\u0144stwach Wielkiego Tygodnia.<\/li>\n<li>Jutro po Mszy \u015bwi\u0119tej wieczornej zapraszamy na <strong>spotkanie organizacyjne wszystkich, kt\u00f3rzy zg\u0142osili sw\u00f3j akces do pos\u0142ugi lektora i kantora<\/strong>. Spotkanie odb\u0119dzie w sali katechetycznej.<\/li>\n<li>We wtorek <strong>dzie\u0144 naszej parafialnej spowiedzi wielkanocnej<\/strong>. Zapraszamy do skorzystania z sakramentu Bo\u017cego Mi\u0142osierdzia w godz.<strong> od 9.00 do 12.00 i popo\u0142udniu (i tu uwaga) od 16.00 do 20.00 z p\u00f3\u0142godzinnymi przerwami o godz. 10.30 i 18.00<\/strong>. Bardzo prosimy nie odk\u0142ada\u0107 spowiedzi na kolejne dni Wielkiego Tygodnia.<\/li>\n<li>Tak\u017ce we wtorek <strong>nowenna do \u015bw. Antoniego<\/strong> i b\u0142ogos\u0142awie\u0144stwo dzieci. Pro\u015bby i\u00a0podzi\u0119kowania mo\u017cna sk\u0142ada\u0107 przy figurze \u015bwi\u0119tego.<\/li>\n<li>W \u015brod\u0119 po Mszy \u015bw. wieczornej<strong> spotkanie Rady Parafialnej, <\/strong>na kt\u00f3re wszystkich radnych serdecznie zapraszamy i prosimy o niezawodne przybycie.<\/li>\n<li><strong>Wielki Czwartek<\/strong>. Jest to dzie\u0144 ustanowienia Eucharystii i sakramentu Kap\u0142a\u0144stwa. <strong>Msza Wieczerzy Pa\u0144skiej<\/strong> <strong>zostanie odprawiona o godz. 18.00<\/strong>. Po uroczystej Mszy \u015bw. nast\u0105pi przeniesienie Naj\u015bwi\u0119tszego Sakramentu do Ciemnicy. Adoracja Pana Jezusa w\u00a0Ciemnicy trwa\u0107 b\u0119dzie do godz. 24.00. Zach\u0119camy do adorowania i\u00a0oddania czci Jezusowi.<\/li>\n<li><strong>Wielki Pi\u0105tek<\/strong>. Adorujemy Pana Jezusa w Ciemnicy od godz. 7.00 rano. <strong>O godz. 9.00 rozpocznie si\u0119 nabo\u017ce\u0144stwo Drogi Krzy\u017cowej.<\/strong> Serdecznie zapraszamy wszystkich do adoracji w ci\u0105gu dnia a szczeg\u00f3lnie siostry i\u00a0braci z R\u00f3\u017c \u017bywego R\u00f3\u017ca\u0144ca jak i innych grup apostolskich czy modlitewnych. Szczeg\u00f3\u0142owy plan adoracji zostanie wywieszony w gablocie. <strong>Liturgia M\u0119ki Pa\u0144skiej rozpocznie si\u0119 o godz. 18.00<\/strong>, w czasie kt\u00f3rej, po wys\u0142uchaniu M\u0119ki Pa\u0144skiej b\u0119dziemy adorowa\u0107 krzy\u017c Chrystusa, a nast\u0119pnie przeniesiemy Pana Jezusa w\u00a0Naj\u015bwi\u0119tszym Sakramencie do symbolicznego Grobu. Adoracja przy Bo\u017cym Grobie tak\u017ce do godz. 24.00. Zach\u0119camy do osobistej modlitwy i\u00a0adoracji.<\/li>\n<li>W Wielki Pi\u0105tek od godz. 9.00 <strong>odwiedzimy w domach chorych z Komuni\u0105 \u015bw.<\/strong> \u2013 chorych prosimy zg\u0142asza\u0107 w zakrystii.<\/li>\n<li>Od Wielkiego Pi\u0105tku, rozpoczniemy <strong>nowenn\u0119 przed \u015awi\u0119tem Mi\u0142osierdzia Bo\u017cego.<\/strong> B\u0119dzie si\u0119 ona rozpoczyna\u0107 codziennie <strong>p\u00f3\u0142 godziny przed wieczornym nabo\u017ce\u0144stwem.<\/strong><\/li>\n<li>W Wielki Pi\u0105tek <strong>obowi\u0105zuje post \u015bcis\u0142y<\/strong> ilo\u015bciowy i jako\u015bciowy.<\/li>\n<li><strong>Wielka Sobota<\/strong>. Adoracja Pana Jezusa w Grobie od godz. 7.00. Po\u015bwi\u0119cenie pokarm\u00f3w na st\u00f3\u0142 wielkanocny <strong>od godz. 8.00 do 14.00 co godzin\u0119<\/strong>. <strong>Obrz\u0119d Wigilii Paschalnej rozpocznie si\u0119 o godz. 19.00 <\/strong>od po\u015bwi\u0119cenia ognia przed ko\u015bcio\u0142em. Na to nabo\u017ce\u0144stwo zabieramy ze sob\u0105 \u015bwiece.<\/li>\n<li><strong>Niedziela Zmartwychwstania Pa\u0144skiego<\/strong>. Rezurekcja <strong>o godz. 6.00<\/strong> a nast\u0119pne Msze \u015bw. <strong>o godz. 8.30, 10.00 i 11.30 a tak\u017ce popo\u0142udniu o godz. 18.00.<\/strong> <strong>W Niedziel\u0119 Wielkanocn\u0105 jak i w Poniedzia\u0142ek Wielkanocny<\/strong> nie b\u0119dzie tylko Mszy \u015bw. o godz. 16.00. B\u0119d\u0105 Msze \u015bw. w ma\u0142ym ko\u015bciele.<\/li>\n<li>Dzisiejsza taca mszalna z racji II niedzieli miesi\u0105ca, jest przeznaczona na planowane <strong>prace remontowe przy dachu naszej Fary. <\/strong>Wszystkim darczy\u0144com za ka\u017cd\u0105 przekazan\u0105 z\u0142ot\u00f3wk\u0119, za \u017cyczliwo\u015b\u0107 i\u00a0zrozumienie sk\u0142adamy serdeczne B\u00f3g zap\u0142a\u0107.<\/li>\n<li>Dzi\u015b przed po\u0142udniem trwa <strong>kiermasz ozd\u00f3b i stroik\u00f3w \u015bwi\u0105tecznych<\/strong> przygotowanych przez niepe\u0142nosprawnych uczestnik\u00f3w Warsztat\u00f3w Terapii Zaj\u0119ciowej przy naszym Caritas za\u015b nasza m\u0142odzie\u017c oazowa dzi\u015b po ka\u017cdej Mszy \u015bwi\u0119tej oraz we wtorek w\u00a0czasie ca\u0142odniowej spowiedzi, b\u0119dzie rozprowadza\u0107 <strong>baranki z ciasta oraz chlebki do koszyka wielkanocnego. <\/strong><\/li>\n<li>Sk\u0142adamy te\u017c serdeczne B\u00f3g zap\u0142a\u0107 za wszystkie ofiary z\u0142o\u017cone na <strong>kwiaty i dekoracje do Bo\u017cego Grobu i Ciemnicy<\/strong> w czasie Gorzkich \u017bali. Przy okazji przypominamy, i\u017c ofiary sk\u0142adane podczas adoracji krzy\u017ca s\u0105 przeznaczone na renowacj\u0119 chrze\u015bcija\u0144skich zabytk\u00f3w w Ziemi \u015awi\u0119tej.<\/li>\n<li><strong>W Siewcy<\/strong> do nabycia prasa i publikacje katolickie<strong>. <\/strong>S\u0105 tam te\u017c <strong>paschaliki Caritas,<\/strong> kt\u00f3re obecne na \u015bwi\u0105tecznym stole, b\u0119d\u0105 znakiem naszej solidarno\u015bci z\u00a0bardziej potrzebuj\u0105cymi. Jest jeszcze mo\u017cliwo\u015b\u0107 w\u0142\u0105czenia si\u0119 w akcj\u0119 <strong>Caritas Polska<\/strong>, <strong>\u201ePaczka dla Ukrainy\u201d<\/strong>. Polega to na przygotowaniu konkretnej paczki z konkretnymi artyku\u0142ami, kt\u00f3ra zostanie przekazana za po\u015brednictwem Caritas do rodzin na Ukrainie. Specjalne kartony wraz ze szczeg\u00f3\u0142ow\u0105 instrukcj\u0105 przygotowania paczki s\u0105 do odebrania w Siewcy. <strong><u>Skompletowane paczki prosimy przywie\u015b\u0107 do domu katechetycznego we wtorek w godzinach mi\u0119dzy 16-18.<\/u><\/strong><\/li>\n<\/ol>\n<p><strong><u>Intencje zbiorowe: <\/u><\/strong><\/p>\n<ul>\n<li>Za \u015bp. Zbigniewa J\u00f3zefa St\u0105por \u2013 intencja od koleg\u00f3w i kole\u017canek syna \u2013 poniedzia\u0142ek, godz. 7.00.<\/li>\n<li>W intencji Ko\u015bcio\u0142a, Ojczyzny, naszej parafii i naszych rodzin za przyczyn\u0105 \u015bw. Micha\u0142a Archanio\u0142a \u2013 wtorek, godz. 6.30.<\/li>\n<li>Za \u015bp. Czes\u0142aw\u0119 Bi\u0144kowsk\u0105 \u2013 intencja od pracownik\u00f3w ZUS \u2013 \u015broda, godz. 7.00.<\/li>\n<li>W intencji nowennowych pr\u00f3\u015bb i podzi\u0119kowa\u0144 do MB Pocieszenia \u2013 \u015broda, godz. 18.00.<\/li>\n<li>Msze \u015bw. w intencji kap\u0142an\u00f3w pracuj\u0105cych w naszej parafii \u2013 od Akcji Katolickiej, Bractwa Szkaplerza \u015bw., Dzie\u0142a Pomocy Powo\u0142aniom, R\u00f3\u017c R\u00f3\u017ca\u0144cowych i Stra\u017cy Honorowej NSPJ \u2013 czwartek, godz. 18.00.<\/li>\n<li>Za \u015bp. Cecyli\u0119 Kuli\u015b \u2013 intencja od s\u0105siad\u00f3w z ul. Rynek 18 \u2013 sobota, godz. 19.00.<\/li>\n<li>Z R\u00f3\u017cy \u015bw. Bernadety \u2013 sobota, godz. 19.00.<\/li>\n<\/ul>\n","protected":false},"excerpt":{"rendered":"<p>Dzi\u015b zapraszamy jeszcze na nabo\u017ce\u0144stwo Gorzkich \u017bali z kazaniem pasyjnym na godz. 17.00 w obu ko\u015bcio\u0142ach. Dzisiejsz\u0105 niedziel\u0105 rozpoczynamy Wielki Tydzie\u0144. Prze\u017cywa\u0107 b\u0119dziemy \u015awi\u0119te Triduum Paschalne. Niech pami\u0119\u0107 o tym, co uczyni\u0142 Chrystus dla naszego zbawienia, zgromadzi nas jak najliczniej w naszej Farze na tych, jak\u017ce pi\u0119knych, nabo\u017ce\u0144stwach Wielkiego Tygodnia. Jutro po Mszy \u015bwi\u0119tej wieczornej [&hellip;]<\/p>\n","protected":false},"author":4,"featured_media":0,"comment_status":"closed","ping_status":"open","sticky":false,"template":"","format":"standard","meta":[],"categories":[5],"tags":[],"_links":{"self":[{"href":"https:\/\/lezajsk.przemyska.pl\/index.php?rest_route=\/wp\/v2\/posts\/12981"}],"collection":[{"href":"https:\/\/lezajsk.przemyska.pl\/index.php?rest_route=\/wp\/v2\/posts"}],"about":[{"href":"https:\/\/lezajsk.przemyska.pl\/index.php?rest_route=\/wp\/v2\/types\/post"}],"author":[{"embeddable":true,"href":"https:\/\/lezajsk.przemyska.pl\/index.php?rest_route=\/wp\/v2\/users\/4"}],"replies":[{"embeddable":true,"href":"https:\/\/lezajsk.przemyska.pl\/index.php?rest_route=%2Fwp%2Fv2%2Fcomments&post=12981"}],"version-history":[{"count":2,"href":"https:\/\/lezajsk.przemyska.pl\/index.php?rest_route=\/wp\/v2\/posts\/12981\/revisions"}],"predecessor-version":[{"id":12988,"href":"https:\/\/lezajsk.przemyska.pl\/index.php?rest_route=\/wp\/v2\/posts\/12981\/revisions\/12988"}],"wp:attachment":[{"href":"https:\/\/lezajsk.przemyska.pl\/index.php?rest_route=%2Fwp%2Fv2%2Fmedia&parent=12981"}],"wp:term":[{"taxonomy":"category","embeddable":true,"href":"https:\/\/lezajsk.przemyska.pl\/index.php?rest_route=%2Fwp%2Fv2%2Fcategories&post=12981"},{"taxonomy":"post_tag","embeddable":true,"href":"https:\/\/lezajsk.przemyska.pl\/index.php?rest_route=%2Fwp%2Fv2%2Ftags&post=12981"}],"curies":[{"name":"wp","href":"https:\/\/api.w.org\/{rel}","templated":true}]}}