
{"id":12871,"date":"2022-04-02T21:40:40","date_gmt":"2022-04-02T19:40:40","guid":{"rendered":"https:\/\/lezajsk.przemyska.pl\/?p=12871"},"modified":"2022-04-02T21:40:40","modified_gmt":"2022-04-02T19:40:40","slug":"v-niedziela-wielkiego-postu-03-04-2022-r","status":"publish","type":"post","link":"https:\/\/lezajsk.przemyska.pl\/?p=12871","title":{"rendered":"V Niedziela Wielkiego Postu &#8211; 03.04.2022 r."},"content":{"rendered":"<ol>\n<li>Dzi\u015b zapraszamy jeszcze na nabo\u017ce\u0144stwo <strong>Gorzkich \u017bali z kazaniem pasyjnym<\/strong> w\u00a0obu ko\u015bcio\u0142ach na godz. 17.00.<\/li>\n<li>Jutro po Mszy \u015bw. wieczornej spotkanie <strong>R\u00f3\u017c R\u00f3\u017ca\u0144cowych, Apostolskiego Dzie\u0142a Pomocy dla Czy\u015b\u0107ca oraz Dzie\u0142a Pomocy Powo\u0142aniom. <\/strong><\/li>\n<li>We wtorek spotkanie<strong> Stra\u017cy Honorowej NSPJ.<\/strong><\/li>\n<li>W \u015brod\u0119 spotkanie <strong>Bractwa Szkaplerza \u015awi\u0119tego.<\/strong><\/li>\n<li>W tym tygodniu przypada<strong> I czwartek miesi\u0105ca.<\/strong> Adoracja Naj\u015bwi\u0119tszego Sakramentu po Mszy \u015bw. w czwartek do godz. 20.00.<\/li>\n<li>W pi\u0105tek <strong>Droga Krzy\u017cowa<\/strong> o godz. <strong>7<\/strong>.<strong>30 rano i o 16.00<\/strong> dla dzieci za\u015b <strong>o godz. 18.00 w Bazylice OO. Bernardyn\u00f3w<\/strong> rozpocznie si\u0119 Msza \u015bw. a po niej wsp\u00f3lna miejska Droga Krzy\u017cowa ulicami naszego Miasta z Klasztoru do Fary, na kt\u00f3r\u0105 wszystkich parafian serdecznie zapraszamy. W naszym ko\u015bciele b\u0119dzie Msza \u015bw. o godz. 18.00. Nie b\u0119dzie za\u015b Drogi Krzy\u017cowej o godz. 17.30 i 20.00.<\/li>\n<li>Najbli\u017csza niedziela 10 kwietnia jest <strong>Niedziel\u0105 M\u0119ki Pa\u0144skiej<\/strong>, czyli <strong>Niedziel\u0105 Palmow\u0105<\/strong>. Obrz\u0119d po\u015bwi\u0119cenia palm na pocz\u0105tku ka\u017cdej Mszy \u015bw.<\/li>\n<li>Zgodnie ze starym zwyczajem od dzisiejszej niedzieli mo\u017cna <strong>zas\u0142oni\u0107 krzy\u017ce<\/strong>. Pozostaj\u0105 one zas\u0142oni\u0119te a\u017c do liturgii Wielkiego Pi\u0105tku.<\/li>\n<li>Uprzedzaj\u0105c informujemy, i\u017c w tym roku <strong>wracamy do spowiedzi \u015bwi\u0105tecznych z\u00a0udzia\u0142em ksi\u0119\u017cy z dekanatu<\/strong> i tak zgodnie z tradycj\u0105, spowied\u017a w Farze, b\u0119dzie w\u00a0Wielkim Tygodniu, tj. we wtorek 12 kwietnia. Szczeg\u00f3\u0142y w przysz\u0142\u0105 niedziel\u0119.<\/li>\n<li>W Niedziel\u0119 Palmow\u0105 Warsztaty Terapii Zaj\u0119ciowej przy naszym Caritas, po Mszach \u015bw. przedpo\u0142udniowych, organizuj\u0105 <strong>\u201eKiermasz \u015awi\u0105teczny\u201d.<\/strong> Sprzedawane b\u0119d\u0105 ozdoby, stroiki \u015bwi\u0105teczne i palmy wykonane przez niepe\u0142nosprawnych uczestnik\u00f3w WTZ.<\/li>\n<li>Dzisiejsza taca mszalna jest przeznaczona na <strong>potrzeby Seminarium Duchownego w\u00a0Przemy\u015blu,<\/strong> za\u015b za tydzie\u0144, jak w ka\u017cd\u0105 II niedziel\u0119 miesi\u0105ca, taca b\u0119dzie przeznaczona na planowane <strong>prace remontowe przy dachu naszej Fary. <\/strong>W czasie ostatniej zbi\u00f3rki ofiar z\u00a0przeznaczeniem na ten cel zebrano \u0142\u0105cznie z wp\u0142atami na konto kwot\u0119 <strong>19\u00a0664 z\u0142.<\/strong> Kwota ta sprawia, \u017ce na naszym koncie inwestycyjno &#8211; remontowym mamy <strong>397 ty\u015b. z\u0142<\/strong>. Wszystkim darczy\u0144com za ka\u017cd\u0105 przekazan\u0105 z\u0142ot\u00f3wk\u0119, za \u017cyczliwo\u015b\u0107 i\u00a0zrozumienie sk\u0142adamy serdeczne B\u00f3g zap\u0142a\u0107.<\/li>\n<li><strong>W Siewcy<\/strong> do nabycia prasa i publikacje katolickie<strong>. <\/strong>S\u0105 tam te\u017c <strong>paschaliki Caritas,<\/strong> kt\u00f3re obecne na \u015bwi\u0105tecznym stole, b\u0119d\u0105 znakiem naszej solidarno\u015bci z\u00a0bardziej potrzebuj\u0105cymi. R\u00f3wnocze\u015bnie <strong>Caritas Polska<\/strong>, zaprasza do udzia\u0142u w akcji <strong>\u201ePaczka dla Ukrainy\u201d<\/strong>. Polega to na przygotowaniu konkretnej paczki z konkretnymi artyku\u0142ami, kt\u00f3ra zostanie przekazana za po\u015brednictwem Caritas do rodzin na Ukrainie. Specjalne kartony wraz ze szczeg\u00f3\u0142ow\u0105 instrukcj\u0105 przygotowania paczki s\u0105 do odebrania w Siewcy. Szczeg\u00f3\u0142y akcji tak\u017ce na naszej stronie parafialnej.<\/li>\n<\/ol>\n<p><strong><u>Intencje zbiorowe: <\/u><\/strong><\/p>\n<ul>\n<li>W intencji Ko\u015bcio\u0142a, Ojczyzny, naszej parafii i naszych rodzin za przyczyn\u0105 \u015bw. Micha\u0142a Archanio\u0142a \u2013 wtorek, godz. 6.30.<\/li>\n<li>W intencji nowennowych pr\u00f3\u015bb i podzi\u0119kowa\u0144 do MB Pocieszenia \u2013 \u015broda, godz. 18.00.<\/li>\n<li>Za kap\u0142an\u00f3w i o nowe \u015bwi\u0119te powo\u0142ania kap\u0142a\u0144skie i zakonne \u2013 intencja od Stra\u017cy Honorowej NSPJ \u2013 czwartek, godz. 18.00.<\/li>\n<li>Za \u015bp. Jana Majkuta \u2013 intencja od s\u0105siadek c\u00f3rki Ani \u2013 pi\u0105tek, godz. 7.00.<\/li>\n<li>Z R\u00f3\u017cy MB Pocieszenia \u2013 pi\u0105tek, godz. 18.00.<\/li>\n<li>Z intencji Ko\u0142a Przyjaci\u00f3\u0142 Radia Maryja \u2013 pi\u0105tek, godz. 18.00.<\/li>\n<li>Za \u015bp. Jana Czarnejko \u2013 intencja od s\u0105siad\u00f3w z klatki \u2013 sobota, godz. 18.00.<\/li>\n<li>Za \u015bp. Tadeusza Brudniaka \u2013 intencja od s\u0105siad\u00f3w z ul. Moniuszki \u2013 niedziela, godz. 8.30.<\/li>\n<li>Z R\u00f3\u017cy \u015bw. J\u00f3zefa \u2013 niedziela, godz. 11.30.<\/li>\n<\/ul>\n<p>W ostatnim tygodniu odeszli od nas do wieczno\u015bci <strong>\u015bp. Franciszek B\u0105cal <\/strong>z ul. Kopernika i\u00a0<strong>Danuta Golenia<\/strong> z ul. Ogrodowej \u2013 wieczny odpoczynek. \u2026..<\/p>\n","protected":false},"excerpt":{"rendered":"<p>Dzi\u015b zapraszamy jeszcze na nabo\u017ce\u0144stwo Gorzkich \u017bali z kazaniem pasyjnym w\u00a0obu ko\u015bcio\u0142ach na godz. 17.00. Jutro po Mszy \u015bw. wieczornej spotkanie R\u00f3\u017c R\u00f3\u017ca\u0144cowych, Apostolskiego Dzie\u0142a Pomocy dla Czy\u015b\u0107ca oraz Dzie\u0142a Pomocy Powo\u0142aniom. We wtorek spotkanie Stra\u017cy Honorowej NSPJ. W \u015brod\u0119 spotkanie Bractwa Szkaplerza \u015awi\u0119tego. W tym tygodniu przypada I czwartek miesi\u0105ca. Adoracja Naj\u015bwi\u0119tszego Sakramentu po [&hellip;]<\/p>\n","protected":false},"author":4,"featured_media":0,"comment_status":"closed","ping_status":"open","sticky":false,"template":"","format":"standard","meta":[],"categories":[5],"tags":[],"_links":{"self":[{"href":"https:\/\/lezajsk.przemyska.pl\/index.php?rest_route=\/wp\/v2\/posts\/12871"}],"collection":[{"href":"https:\/\/lezajsk.przemyska.pl\/index.php?rest_route=\/wp\/v2\/posts"}],"about":[{"href":"https:\/\/lezajsk.przemyska.pl\/index.php?rest_route=\/wp\/v2\/types\/post"}],"author":[{"embeddable":true,"href":"https:\/\/lezajsk.przemyska.pl\/index.php?rest_route=\/wp\/v2\/users\/4"}],"replies":[{"embeddable":true,"href":"https:\/\/lezajsk.przemyska.pl\/index.php?rest_route=%2Fwp%2Fv2%2Fcomments&post=12871"}],"version-history":[{"count":1,"href":"https:\/\/lezajsk.przemyska.pl\/index.php?rest_route=\/wp\/v2\/posts\/12871\/revisions"}],"predecessor-version":[{"id":12872,"href":"https:\/\/lezajsk.przemyska.pl\/index.php?rest_route=\/wp\/v2\/posts\/12871\/revisions\/12872"}],"wp:attachment":[{"href":"https:\/\/lezajsk.przemyska.pl\/index.php?rest_route=%2Fwp%2Fv2%2Fmedia&parent=12871"}],"wp:term":[{"taxonomy":"category","embeddable":true,"href":"https:\/\/lezajsk.przemyska.pl\/index.php?rest_route=%2Fwp%2Fv2%2Fcategories&post=12871"},{"taxonomy":"post_tag","embeddable":true,"href":"https:\/\/lezajsk.przemyska.pl\/index.php?rest_route=%2Fwp%2Fv2%2Ftags&post=12871"}],"curies":[{"name":"wp","href":"https:\/\/api.w.org\/{rel}","templated":true}]}}