
{"id":12809,"date":"2022-03-26T22:19:06","date_gmt":"2022-03-26T21:19:06","guid":{"rendered":"https:\/\/lezajsk.przemyska.pl\/?p=12809"},"modified":"2022-03-26T22:19:06","modified_gmt":"2022-03-26T21:19:06","slug":"iv-niedziela-wielkiego-postu-27-03-2022-r","status":"publish","type":"post","link":"https:\/\/lezajsk.przemyska.pl\/?p=12809","title":{"rendered":"IV Niedziela Wielkiego Postu &#8211; 27.03.2022 r."},"content":{"rendered":"<ol>\n<li>Dzi\u015b zapraszamy jeszcze na nabo\u017ce\u0144stwo <strong>Gorzkich \u017bali z kazaniem pasyjnym na\u00a0godz. 17.00 <\/strong>w obu ko\u015bcio\u0142ach<strong>.<\/strong><\/li>\n<li>W \u015brod\u0119 na Msz\u0119 \u015bw. o godz. 18.00 i spotkanie zapraszamy <strong>m\u0142odzie\u017c z klas VII, przygotowuj\u0105c\u0105 si\u0119 do przyj\u0119cia sakramentu bierzmowania wraz z rodzicami<\/strong>. Wszystkich prosimy o niezawodne przybycie.<\/li>\n<li>W tym tygodniu przypada<strong> I pi\u0105tek i I sobota miesi\u0105ca.<\/strong> Adoracja Naj\u015bwi\u0119tszego Sakramentu po Mszy \u015bw. w pi\u0105tek do godz. 20.00. Spowied\u017a w\u00a0pi\u0105tek od godz. 16.00.<\/li>\n<li>W pi\u0105tek od godz. 9.00,<strong> odwiedziny chorych w domach z Komuni\u0105 \u015bw<\/strong>.<\/li>\n<li>W pi\u0105tek nabo\u017ce\u0144stwo <strong>Drogi Krzy\u017cowej<\/strong> rano o godz. <strong>7<\/strong>.<strong>30<\/strong>, popo\u0142udniu <strong>o godz.16.00 dla dzieci a nast\u0119pnie, o godz. 17.30 i 20.00. <\/strong>Drog\u0119 Krzy\u017cowa o 20.00, w intencji rodzin, os\u00f3b chorych i cierpi\u0105cych poprowadzi Diakonia Muzyczna naszej parafii. Zapraszamy do udzia\u0142u w \u015bwi\u0105tyni lub duchowego uczestnictwa przez transmisj\u0119 internetow\u0105.<\/li>\n<li>W sobot\u0119 na godz. 17.00 wszystkich czcicieli MB, zapraszamy na kolejne <strong>nabo\u017ce\u0144stwo I\u00a0soboty<\/strong>, <strong>wynagradzaj\u0105ce Niepokalanemu Sercu NMP<\/strong>, po\u0142\u0105czone z modlitw\u0105 r\u00f3\u017ca\u0144cow\u0105.<\/li>\n<li>Tak\u017ce <strong>w sobot\u0119 2 kwietnia<\/strong>, w kolejn\u0105 rocznic\u0119 \u015bmierci \u015aw. Jana Paw\u0142a II, zapraszamy na czuwanie modlitewne: <strong>\u201eZe \u015aw. Janem Paw\u0142em II modlimy si\u0119 o pok\u00f3j\u201d<\/strong>. Czuwanie poprowadzi diakonia muzyczna naszego liceum oraz m\u0142odzie\u017c oazowa z\u00a0naszej parafii. Do uczestnictwa zach\u0119camy wszystkich parafian, a szczeg\u00f3lnie m\u0142odzie\u017c, kt\u00f3ra wczoraj przyj\u0119\u0142a sakrament bierzmowania.<\/li>\n<li>W dalszym ci\u0105gu oczekujemy na ch\u0119tnych do stworzenia parafialnej <strong>grupy doros\u0142ych lektor\u00f3w i kantor\u00f3w<\/strong>, kt\u00f3rzy b\u0119d\u0105 si\u0119 w\u0142\u0105cza\u0107\u00a0w czytanie S\u0142owa Bo\u017cego zar\u00f3wno w\u00a0dni powszednie jak i przy okazji r\u00f3\u017cnych uroczysto\u015bci. Zainteresowanych, prosimy o\u00a0zapisy w\u00a0zakrystii lub u ks. Witolda.<\/li>\n<li><strong>Caritas Archidiecezji Przemyskiej &#8211; Oddzia\u0142 w Le\u017cajsku<\/strong>, dzi\u0119kuje wszystkim, kt\u00f3rzy, wzi\u0119li udzia\u0142 w zbi\u00f3rce \u017cywno\u015bci w sklepach na terenie Le\u017cajska. R\u00f3wnocze\u015bnie, uprzedzaj\u0105c, zaprasza na kiermasz przed\u015bwi\u0105teczny prac uczestnik\u00f3w Warsztatu Terapii Zaj\u0119ciowej, kt\u00f3ry odb\u0119dzie si\u0119\u00a0 w dniu 10.04.2022 r. w Niedziel\u0119 Palmow\u0105 po Mszach \u015aw. przed po\u0142udniem przy ko\u015bciele Farnym. B\u0119d\u0105 sprzedawane m.in. palmy oraz stroiki wielkanocne.<\/li>\n<li>W imieniu <strong>Parafialnego Ko\u0142a Przyjaci\u00f3\u0142 Radia Maryja<\/strong>, dzi\u0119kujemy wszystkim, kt\u00f3rzy na przestrzeni ostatnich lat systematycznie wspieraj\u0105 zar\u00f3wno <strong>Radio Maryja jak i TV TRWAM.<\/strong> Ka\u017cdego miesi\u0105ca ofiary sk\u0142adane w Siewcy s\u0105 przesy\u0142ane do radia a\u00a0potwierdzenia i podzi\u0119kowania s\u0105 umieszczane w gablocie.<\/li>\n<li><strong>Miejski O\u015brodek Pomocy Spo\u0142ecznej w Le\u017cajsku<\/strong> zaprasza senior\u00f3w powy\u017cej 65 roku \u017cycia do udzia\u0142u w rz\u0105dowym programie \u201eKorpus wsparcia senior\u00f3w\u201d w zakresie tzw. opieki na odleg\u0142o\u015b\u0107. Szczeg\u00f3\u0142y programu na tablicy og\u0142osze\u0144.<\/li>\n<li><strong>W Siewcy<\/strong> do nabycia prasa i publikacje katolickie a tak\u017ce<strong> paschaliki Caritas<\/strong>. Z r\u0105k ministrant\u00f3w przed ko\u015bcio\u0142em mo\u017cna odebra\u0107 najnowszy numer darmowych <strong>Dobrych Nowin<\/strong>.<\/li>\n<\/ol>\n<p><strong><u>Intencje zbiorowe: <\/u><\/strong><\/p>\n<ul>\n<li>Za \u015bp. Mariusza Brzuzana \u2013 intencja od naczelnika oraz kole\u017canek i koleg\u00f3w z Urz\u0119du Skarbowego w Le\u017cajsku \u2013 poniedzia\u0142ek i \u015broda, godz. 7.00.<\/li>\n<li>Z R\u00f3\u017cy MB Pocieszenia \u2013 poniedzia\u0142ek, godz. 18.00.<\/li>\n<li>W intencji Ko\u015bcio\u0142a, Ojczyzny, naszej parafii i naszych rodzin za przyczyn\u0105 \u015bw. Micha\u0142a Archanio\u0142a \u2013 wtorek, godz. 6.30.<\/li>\n<li>W intencji nowennowych pr\u00f3\u015bb i podzi\u0119kowa\u0144 do MB Pocieszenia \u2013 \u015broda, godz. 18.00.<\/li>\n<li>Msze \u015bw. gregoria\u0144skie za \u015bp. Helen\u0119 Wielgosz \u2013 pocz\u0105tek, pi\u0105tek, godz. 6.30.<\/li>\n<li>Z intencji Stra\u017cy Honorowej NSPJ \u2013 pi\u0105tek, godz. 18.00.<\/li>\n<li>Za \u015bp. Edwarda Smotry\u015b \u2013 intencja od s\u0105siad\u00f3w z klatki \u2013 sobota, godz. 6.30.<\/li>\n<li>Z R\u00f3\u017cy \u015bw. Jana Paw\u0142a II \u2013 sobota, godz. 18.00.<\/li>\n<li>Wynagradzaj\u0105ca Niepokalanemu Sercu NMP z intencji Bractwa Szkaplerza \u015awi\u0119tego i R\u00f3\u017c R\u00f3\u017ca\u0144cowych \u2013 sobota, godz. 18.00.<\/li>\n<li>Z R\u00f3\u017cy \u015bw. Antoniego za \u015bp. Stanis\u0142aw\u0119 D\u0105bek \u2013 niedziela, godz. 10.00.<\/li>\n<\/ul>\n<p>W ostatnim tygodniu odesz\u0142a od nas do wieczno\u015bci <strong>\u015bp. Janina Czochara <\/strong>z ul. Burmistrz\u00f3w Zawilskich \u2013 wieczny odpoczynek \u2026<\/p>\n","protected":false},"excerpt":{"rendered":"<p>Dzi\u015b zapraszamy jeszcze na nabo\u017ce\u0144stwo Gorzkich \u017bali z kazaniem pasyjnym na\u00a0godz. 17.00 w obu ko\u015bcio\u0142ach. W \u015brod\u0119 na Msz\u0119 \u015bw. o godz. 18.00 i spotkanie zapraszamy m\u0142odzie\u017c z klas VII, przygotowuj\u0105c\u0105 si\u0119 do przyj\u0119cia sakramentu bierzmowania wraz z rodzicami. Wszystkich prosimy o niezawodne przybycie. W tym tygodniu przypada I pi\u0105tek i I sobota miesi\u0105ca. Adoracja [&hellip;]<\/p>\n","protected":false},"author":4,"featured_media":0,"comment_status":"closed","ping_status":"open","sticky":false,"template":"","format":"standard","meta":[],"categories":[5],"tags":[],"_links":{"self":[{"href":"https:\/\/lezajsk.przemyska.pl\/index.php?rest_route=\/wp\/v2\/posts\/12809"}],"collection":[{"href":"https:\/\/lezajsk.przemyska.pl\/index.php?rest_route=\/wp\/v2\/posts"}],"about":[{"href":"https:\/\/lezajsk.przemyska.pl\/index.php?rest_route=\/wp\/v2\/types\/post"}],"author":[{"embeddable":true,"href":"https:\/\/lezajsk.przemyska.pl\/index.php?rest_route=\/wp\/v2\/users\/4"}],"replies":[{"embeddable":true,"href":"https:\/\/lezajsk.przemyska.pl\/index.php?rest_route=%2Fwp%2Fv2%2Fcomments&post=12809"}],"version-history":[{"count":1,"href":"https:\/\/lezajsk.przemyska.pl\/index.php?rest_route=\/wp\/v2\/posts\/12809\/revisions"}],"predecessor-version":[{"id":12810,"href":"https:\/\/lezajsk.przemyska.pl\/index.php?rest_route=\/wp\/v2\/posts\/12809\/revisions\/12810"}],"wp:attachment":[{"href":"https:\/\/lezajsk.przemyska.pl\/index.php?rest_route=%2Fwp%2Fv2%2Fmedia&parent=12809"}],"wp:term":[{"taxonomy":"category","embeddable":true,"href":"https:\/\/lezajsk.przemyska.pl\/index.php?rest_route=%2Fwp%2Fv2%2Fcategories&post=12809"},{"taxonomy":"post_tag","embeddable":true,"href":"https:\/\/lezajsk.przemyska.pl\/index.php?rest_route=%2Fwp%2Fv2%2Ftags&post=12809"}],"curies":[{"name":"wp","href":"https:\/\/api.w.org\/{rel}","templated":true}]}}