
{"id":12792,"date":"2022-03-19T21:10:42","date_gmt":"2022-03-19T20:10:42","guid":{"rendered":"https:\/\/lezajsk.przemyska.pl\/?p=12792"},"modified":"2022-03-19T21:10:42","modified_gmt":"2022-03-19T20:10:42","slug":"iii-niedziela-wielkiego-postu-20-03-2022-r","status":"publish","type":"post","link":"https:\/\/lezajsk.przemyska.pl\/?p=12792","title":{"rendered":"III Niedziela Wielkiego Postu &#8211; 20.03.2022 r."},"content":{"rendered":"<ol>\n<li>Dzi\u015b zapraszamy jeszcze wszystkich na kolejne <strong>nabo\u017ce\u0144stwo Gorzkich \u017bali<\/strong> <strong>z\u00a0kazaniem pasyjnym<\/strong> w obu ko\u015bcio\u0142ach na godz. 17.00.<\/li>\n<li>Jutro po Mszy \u015bw. <strong>spotkanie Akcji Katolickiej<\/strong>, na kt\u00f3re wszystkich cz\u0142onk\u00f3w jak i\u00a0kandydat\u00f3w serdecznie zapraszamy.<\/li>\n<li>W pi\u0105tek nabo\u017ce\u0144stwo <strong>Drogi Krzy\u017cowej<\/strong> rano o godz. <strong>7<\/strong>.<strong>30<\/strong>, popo\u0142udniu <strong>o godz.16.00 dla dzieci a nast\u0119pnie, o godz. 17.30. i 20.00.<\/strong><\/li>\n<li>W pi\u0105tek <strong>Uroczysto\u015b\u0107 Zwiastowania Pa\u0144skiego<\/strong>. Zapraszamy do liczniejszego udzia\u0142u we Mszy \u015bw. i uczczenia Matki Naj\u015bwi\u0119tszej. B\u0119dzie to tak\u017ce kolejny dzie\u0144 <strong>modlitwy o\u00a0pok\u00f3j w Ukrainie. Wieczorem Ojciec \u015awi\u0119ty Franciszek, podczas celebracji pokutnej o godz. 17.00 w Bazylice \u015bw. Piotra w Watykanie, po\u015bwi\u0119ci Rosj\u0119 i Ukrain\u0119 Niepokalanemu Sercu Maryi<\/strong>. W tym samym czasie, tego samego aktu dokona <strong>w\u00a0Fatimie kard. Konrad Krajewski<\/strong>, jako wys\u0142annik Ojca \u015awi\u0119tego. Odpowiadaj\u0105c na papieskie wezwanie i my pragniemy wznie\u015b\u0107 modlitwy do Boga i zgromadzimy si\u0119 przed <strong>Jezusem Eucharystycznym o godz. 17.00 aby odm\u00f3wi\u0107 cz\u0119\u015b\u0107 r\u00f3\u017ca\u0144ca \u015bwi\u0119tego w\u00a0intencji pokoju na Ukrainie, polecaj\u0105c ofiary tragicznej wojny i ich rodziny. Po modlitwie r\u00f3\u017ca\u0144cowej rozpocznie si\u0119 nabo\u017ce\u0144stwo Drogi Krzy\u017cowej.<\/strong><\/li>\n<li>W Uroczysto\u015b\u0107 Zwiastowania Pa\u0144skiego, podczas wieczornej Mszy \u015bw. o godz. 18.00, b\u0119dzie mo\u017cna z\u0142o\u017cy\u0107 <strong>deklaracje duchowej adopcji dziecka pocz\u0119tego<\/strong>. Formularze deklaracji s\u0105 wy\u0142o\u017cone na o\u0142tarzach bocznych.<\/li>\n<li><strong>W sobot\u0119, w czasie Mszy \u015bw. o godz. 18.00, Ks. Abp Senior J\u00f3zef Michalik, udzieli<\/strong> <strong>Sakramentu Bierzmowania<\/strong> naszej m\u0142odzie\u017cy z klas VIII. M\u0142odzie\u017c ta w poniedzia\u0142ek, wtorek i \u015brod\u0119 b\u0119dzie prze\u017cywa\u0107 swoje <strong>triduum przed przyj\u0119ciem sakramentu<\/strong>. Spotkania te b\u0119d\u0105 si\u0119 rozpoczyna\u0107 o godz. 17.00 w MK. M\u0142odzie\u017c jak i rodzic\u00f3w prosimy o powa\u017cne potraktowanie tego\u017c przygotowania (zast\u0119puje ono rekolekcje, kt\u00f3re w styczniu nie dosz\u0142y do skutku ze wzgl\u0119du na covid). <strong>Spowied\u017a dla m\u0142odzie\u017cy i ich bliskich<\/strong> w\u00a0pi\u0105tek od godz. 17.00.<\/li>\n<li>W li\u015bcie na Wielki Post abp Adam Szal zach\u0119ca\u0142 nas m.in. do podejmowania pos\u0142ugi lektora czy psalmisty podczas Mszy \u015bw. Wychodz\u0105c naprzeciw temu wyzwaniu chcemy stworzy\u0107 w naszej parafii <strong>grup\u0119 doros\u0142ych lektor\u00f3w i kantor\u00f3w<\/strong>, kt\u00f3rzy b\u0119d\u0105 si\u0119 w\u0142\u0105cza\u0107\u00a0w czytanie S\u0142owa Bo\u017cego zar\u00f3wno w dni powszednie jak i przy okazji r\u00f3\u017cnych uroczysto\u015bci. Wszystkich ch\u0119tnych i czuj\u0105cych si\u0119 na si\u0142ach, prosimy o zapisy w\u00a0zakrystii lub u ks. Witolda.<\/li>\n<li><strong>Intencja mszalna za \u015bp. J\u00f3zefa i Stefani\u0119<\/strong>, zam\u00f3wiona na pi\u0105tek 25 marca zosta\u0142a b\u0142\u0119dnie przyporz\u0105dkowana do godz. 10.00. Wspomniana wy\u017cej intencja zostanie odprawiona tak\u017ce w pi\u0105tek, ale o godz. 7.00.<\/li>\n<li>Dzisiaj przed ko\u015bcio\u0142em <strong>zbi\u00f3rka do puszek z przeznaczeniem na Misje.<\/strong> Przypominamy, \u017ce wsparcie dla Misyjnych Dzie\u0142 Archidiecezji Przemyskiej, mo\u017cemy okaza\u0107 tak\u017ce poprzez przekazanie <strong>1% ze swego podatku<\/strong>. Stosowne blankiety s\u0105 wy\u0142o\u017cone na o\u0142tarzach. Taca z\u00a0Gorzkich \u017bali przeznaczona jest jak zawsze na kwiaty do Bo\u017cego Grobu.<\/li>\n<li><strong>W Siewcy<\/strong> do nabycia prasa i ca\u0142y szereg ciekawych ksi\u0105\u017cek i czasopism. Dzi\u015b szczeg\u00f3lnie polecamy specjalne wydanie<strong> Go\u015bcia Niedzielnego po\u015bwi\u0119cone o. Pio a\u00a0tak\u017ce bardzo dobry miesi\u0119cznik \u201eMi\u0142ujcie si\u0119\u201d. S\u0105 tam te\u017c<\/strong> <strong>paschaliki Caritas. <\/strong><\/li>\n<li>Przypominamy, \u017ce w tym tygodniu z soboty na niedziele nast\u0105pi <strong>zmiana czasu zimowego na letni. <\/strong><\/li>\n<\/ol>\n<p><strong>\u00a0<\/strong><strong><u>Intencje zbiorowe: <\/u><\/strong><\/p>\n<ul>\n<li>Za \u015bp. J\u00f3zefa Nowaka \u2013 intencja od s\u0105siad\u00f3w z ul. \u015aw. Kr\u00f3lowej Jadwigi, poniedzia\u0142ek, godz. 6.30.<\/li>\n<li>Za \u015bp. Zofi\u0119 Jakubiec \u2013 intencja od kole\u017canek i koleg\u00f3w c\u00f3rki Krystyny z PSS Spo\u0142em z\u00a0Le\u017cajska \u2013 poniedzia\u0142ek, godz. 6.30.<\/li>\n<li>W intencji Ko\u015bcio\u0142a, Ojczyzny, naszej parafii i naszych rodzin za przyczyn\u0105 \u015bw. Micha\u0142a Archanio\u0142a \u2013 wtorek, godz. 6.30.<\/li>\n<li>Za \u015bp. Zbigniewa Skwarczy\u0144skiego \u2013 intencja od Zwi\u0105zku Emeryt\u00f3w i Rencist\u00f3w w\u00a0Le\u017cajsku \u2013 wtorek, godz. 6.30.<\/li>\n<li>W intencji nowennowych pr\u00f3\u015bb i podzi\u0119kowa\u0144 do MB Pocieszenia \u2013 \u015broda, godz. 18.00.<\/li>\n<li>Za \u015bp. Tadeusza Brudniaka \u2013 intencja od s\u0105siad\u00f3w z ul. Moniuszki \u2013 pi\u0105tek i sobota, godz. 7.00.<\/li>\n<li>Z intencji Bractwa Szkaplerza \u015awi\u0119tego \u2013 pi\u0105tek, godz. 18.00.<\/li>\n<li>Za \u015bp. Zbigniewa J\u00f3zefa St\u0105por \u2013 intencja od kole\u017canek z pracy c\u00f3rki Doroty \u2013 niedziela, godz. 16.00.<\/li>\n<\/ul>\n<p>W ostatnim tygodniu odeszli od nas do wieczno\u015bci <strong>\u015bp. Eugeniusz Dzidek<\/strong> z ul. Ko\u0142\u0142\u0105taja i\u00a0<strong>Henryk P\u00f3\u0142torak <\/strong>z ul. Kopernika \u2013 wieczny odpoczynek \u2026..<\/p>\n","protected":false},"excerpt":{"rendered":"<p>Dzi\u015b zapraszamy jeszcze wszystkich na kolejne nabo\u017ce\u0144stwo Gorzkich \u017bali z\u00a0kazaniem pasyjnym w obu ko\u015bcio\u0142ach na godz. 17.00. Jutro po Mszy \u015bw. spotkanie Akcji Katolickiej, na kt\u00f3re wszystkich cz\u0142onk\u00f3w jak i\u00a0kandydat\u00f3w serdecznie zapraszamy. W pi\u0105tek nabo\u017ce\u0144stwo Drogi Krzy\u017cowej rano o godz. 7.30, popo\u0142udniu o godz.16.00 dla dzieci a nast\u0119pnie, o godz. 17.30. i 20.00. W pi\u0105tek [&hellip;]<\/p>\n","protected":false},"author":4,"featured_media":0,"comment_status":"closed","ping_status":"open","sticky":false,"template":"","format":"standard","meta":[],"categories":[5],"tags":[],"_links":{"self":[{"href":"https:\/\/lezajsk.przemyska.pl\/index.php?rest_route=\/wp\/v2\/posts\/12792"}],"collection":[{"href":"https:\/\/lezajsk.przemyska.pl\/index.php?rest_route=\/wp\/v2\/posts"}],"about":[{"href":"https:\/\/lezajsk.przemyska.pl\/index.php?rest_route=\/wp\/v2\/types\/post"}],"author":[{"embeddable":true,"href":"https:\/\/lezajsk.przemyska.pl\/index.php?rest_route=\/wp\/v2\/users\/4"}],"replies":[{"embeddable":true,"href":"https:\/\/lezajsk.przemyska.pl\/index.php?rest_route=%2Fwp%2Fv2%2Fcomments&post=12792"}],"version-history":[{"count":1,"href":"https:\/\/lezajsk.przemyska.pl\/index.php?rest_route=\/wp\/v2\/posts\/12792\/revisions"}],"predecessor-version":[{"id":12793,"href":"https:\/\/lezajsk.przemyska.pl\/index.php?rest_route=\/wp\/v2\/posts\/12792\/revisions\/12793"}],"wp:attachment":[{"href":"https:\/\/lezajsk.przemyska.pl\/index.php?rest_route=%2Fwp%2Fv2%2Fmedia&parent=12792"}],"wp:term":[{"taxonomy":"category","embeddable":true,"href":"https:\/\/lezajsk.przemyska.pl\/index.php?rest_route=%2Fwp%2Fv2%2Fcategories&post=12792"},{"taxonomy":"post_tag","embeddable":true,"href":"https:\/\/lezajsk.przemyska.pl\/index.php?rest_route=%2Fwp%2Fv2%2Ftags&post=12792"}],"curies":[{"name":"wp","href":"https:\/\/api.w.org\/{rel}","templated":true}]}}