
{"id":12783,"date":"2022-03-12T22:21:23","date_gmt":"2022-03-12T21:21:23","guid":{"rendered":"https:\/\/lezajsk.przemyska.pl\/?p=12783"},"modified":"2022-03-13T08:35:58","modified_gmt":"2022-03-13T07:35:58","slug":"ii-niedziela-wielkiego-postu-13-03-2022-r","status":"publish","type":"post","link":"https:\/\/lezajsk.przemyska.pl\/?p=12783","title":{"rendered":"II Niedziela Wielkiego Postu &#8211; 13.03.2022 r."},"content":{"rendered":"<ol>\n<li>Dzi\u015b zapraszamy jeszcze na nabo\u017ce\u0144stwo <strong>Gorzkich \u017bali z kazaniem pasyjnym<\/strong> po\u0142\u0105czone z <strong>nowenn\u0105 do \u015bw. J\u00f3zefa<\/strong> w\u00a0obu ko\u015bcio\u0142ach na godz. 17.00. Nowenna w\u00a0tygodniu b\u0119dzie si\u0119 rozpoczyna\u0107 o godz. 18.00 a po niej Msza \u015bw.<\/li>\n<li>Dzi\u015b tak\u017ce <strong>dzie\u0144 imienin naszej s. Bo\u017ceny<\/strong> \u2013 prze\u0142o\u017conej i dyrektorki przedszkola. Zatem Siostrze Bo\u017cenie jak i licznym\u00a0 solenizantkom, sk\u0142adamy najlepsze \u017cyczenia i obiecujemy modlitw\u0119.<\/li>\n<li>Jutro na godz. 15.00 do Fary, <strong>zapraszamy m\u0142odzie\u017c klas VIII<\/strong>, przygotowuj\u0105c\u0105 si\u0119 do przyj\u0119cia sakramentu bierzmowania. M\u0142odzie\u017c zabiera ze sob\u0105 indeksy.<\/li>\n<li>W pi\u0105tek nabo\u017ce\u0144stwo <strong>Drogi Krzy\u017cowej<\/strong> rano<strong> o godz. 7<\/strong>.<strong>30<\/strong>, popo\u0142udniu <strong>o godz.16.00 dla dzieci a nast\u0119pnie, o godz. 17.30 i 20.00.<\/strong><\/li>\n<li>W sobot\u0119 <strong>19 marca<\/strong> <strong>Uroczysto\u015b\u0107 \u015aw. J\u00f3zefa Oblubie\u0144ca NMP<\/strong>. Zapraszamy do liczniejszego uczestnictwa we Mszy \u015bw. i modlitwy w intencji ojc\u00f3w i m\u0119\u017c\u00f3w. Z\u00a0okazji imienin pami\u0119tajmy tak\u017ce w\u00a0modlitwie o\u00a0naszym <strong>Abp Seniorze J\u00f3zefie Michaliku<\/strong> i\u00a0wszystkich solenizantach a\u00a0zw\u0142aszcza o\u00a0naszych by\u0142ych proboszczach <strong>\u015bp. ks. J\u00f3zefie Gorczycy i ks. J\u00f3zefie W\u00f3jciku.<\/strong><\/li>\n<li>M\u0142odych naszej parafii zapraszamy do udzia\u0142u w <strong>Spotkaniu M\u0142odych Archidiecezji Przemyskiej<\/strong>, kt\u00f3re tym razem odb\u0119dzie si\u0119 w nieco zmienionej formule w Jaros\u0142awiu. Zapisy w zakrystii lub u ks. Grzegorza do dnia 31 marca a szczeg\u00f3\u0142y na stronie parafialnej.<\/li>\n<li>Dzisiejsza <strong>taca mszalna<\/strong> jest przeznaczona na planowane prace remontowe przy dachu naszej Fary. Za wszystkie z\u0142o\u017cone dzi\u015b ofiary serdecznie dzi\u0119kujemy. Za\u015b za tydzie\u0144, w\u00a0niedziel\u0119, og\u00f3lnopolska <strong>zbi\u00f3rka do puszek z\u00a0przeznaczeniem na pomoc misjom.<\/strong> O\u00a0przeprowadzenie tej\u017ce zbi\u00f3rki prosimy Stra\u017c Honorow\u0105 Naj\u015bwi\u0119tszego Serca Pana Jezusa. Wsparcie dla Misyjnych Dzie\u0142 Archidiecezji Przemyskiej mo\u017cemy okaza\u0107 tak\u017ce poprzez przekazanie <strong>1% ze swego podatku<\/strong>. Stosowne blankiety s\u0105 wy\u0142o\u017cone na o\u0142tarzach.<\/li>\n<li>Przy wyj\u015bciu z ko\u015bcio\u0142a z r\u0105k dzieci i m\u0142odzie\u017cy oazowej mo\u017cna odebra\u0107 losowo wybran\u0105 karteczk\u0119 z apostolskim, prostym<strong> zadaniem na nasz Wielki Post<\/strong>. Serdecznie polecamy i\u00a0zach\u0119camy do podj\u0119cia tych drobnych ale bardzo potrzebnych i tw\u00f3rczych zobowi\u0105za\u0144.<\/li>\n<li>W <strong>Siewcy<\/strong> do nabycia prasa i publikacje katolickie. S\u0105 tam te\u017c paschaliki Caritas a na o\u0142tarzach w\u00a0ko\u015bciele s\u0105 jeszcze wy\u0142o\u017cone skarbonki na <strong>ja\u0142mu\u017cn\u0119 wielkopostn\u0105.<\/strong><\/li>\n<li>Dyrektorzy le\u017cajskich szk\u00f3\u0142 podstawowych informuj\u0105, \u017ce w dniach 14-16 marca 2022 r. odbywa\u0107 si\u0119 b\u0119d\u0105 <strong>zapisy dzieci do klas pierwszych<\/strong>. Szczeg\u00f3\u0142y rekrutacji na stronach internetowych szk\u00f3\u0142 i Urz\u0119du Miasta.<\/li>\n<\/ol>\n<p><strong><u>Intencje zbiorowe: <\/u><\/strong><\/p>\n<ul>\n<li>Za \u015bp. Helen\u0119 Raku\u015b \u2013 intencja od mieszka\u0144c\u00f3w ul. Moniuszki \u2013 poniedzia\u0142ek, wtorek i \u015broda, godz. 6.30 i od mieszka\u0144c\u00f3w ul. Studziennej \u2013 niedziela, godz. 10.00.<\/li>\n<li>Za \u015bp. Mari\u0119 Le\u015bniak \u2013 intencja od pracownik\u00f3w Firmy Viba \u2013 poniedzia\u0142ek, godz. 6.30.<\/li>\n<li>Za \u015bp. Zofi\u0119 Jakubiec \u2013 intencja od s\u0105siad\u00f3w z ul. \u015aw. Kr\u00f3lowej Jadwigi \u2013 poniedzia\u0142ek, godz. 7.00.<\/li>\n<li>W intencji Ko\u015bcio\u0142a, Ojczyzny, naszej parafii i naszych rodzin za przyczyn\u0105 \u015bw. Micha\u0142a Archanio\u0142a \u2013 wtorek, godz. 6.30.<\/li>\n<li>Za \u015bp. J\u00f3zefa Nowaka \u2013 intencja od mieszka\u0144c\u00f3w ul. Moniuszki \u2013 \u015broda, godz. 7.00 i od s\u0105siad\u00f3w z ul. \u015aw. Kr\u00f3lowej Jadwigi, czwartek, godz. 6.30.<\/li>\n<li>W intencji nowennowych pr\u00f3\u015bb i podzi\u0119kowa\u0144 do MB Pocieszenia \u2013 \u015broda, godz. 18.00.<\/li>\n<li>Z intencji Bractwa Szkaplerza \u015awi\u0119tego \u2013 sobota, godz. 18.00.<\/li>\n<li>W intencji \u015bp. ks. J\u00f3zefa Gorczycy i ks. J\u00f3zefa W\u00f3jcika z okazji imienin \u2013 sobota, godz. 18.00.<\/li>\n<\/ul>\n<p>W ostatnim tygodniu odeszli od nas do wieczno\u015bci <strong>\u015bp. Henryk Gdula <\/strong>z ul. Podolszyny i\u00a0<strong>Julian Ja\u015bkowski <\/strong>z ul. S\u0142owackiego \u2013 wieczny odpoczynek. \u2026..<\/p>\n","protected":false},"excerpt":{"rendered":"<p>Dzi\u015b zapraszamy jeszcze na nabo\u017ce\u0144stwo Gorzkich \u017bali z kazaniem pasyjnym po\u0142\u0105czone z nowenn\u0105 do \u015bw. J\u00f3zefa w\u00a0obu ko\u015bcio\u0142ach na godz. 17.00. Nowenna w\u00a0tygodniu b\u0119dzie si\u0119 rozpoczyna\u0107 o godz. 18.00 a po niej Msza \u015bw. Dzi\u015b tak\u017ce dzie\u0144 imienin naszej s. Bo\u017ceny \u2013 prze\u0142o\u017conej i dyrektorki przedszkola. Zatem Siostrze Bo\u017cenie jak i licznym\u00a0 solenizantkom, sk\u0142adamy najlepsze [&hellip;]<\/p>\n","protected":false},"author":4,"featured_media":0,"comment_status":"closed","ping_status":"open","sticky":false,"template":"","format":"standard","meta":[],"categories":[5],"tags":[],"_links":{"self":[{"href":"https:\/\/lezajsk.przemyska.pl\/index.php?rest_route=\/wp\/v2\/posts\/12783"}],"collection":[{"href":"https:\/\/lezajsk.przemyska.pl\/index.php?rest_route=\/wp\/v2\/posts"}],"about":[{"href":"https:\/\/lezajsk.przemyska.pl\/index.php?rest_route=\/wp\/v2\/types\/post"}],"author":[{"embeddable":true,"href":"https:\/\/lezajsk.przemyska.pl\/index.php?rest_route=\/wp\/v2\/users\/4"}],"replies":[{"embeddable":true,"href":"https:\/\/lezajsk.przemyska.pl\/index.php?rest_route=%2Fwp%2Fv2%2Fcomments&post=12783"}],"version-history":[{"count":3,"href":"https:\/\/lezajsk.przemyska.pl\/index.php?rest_route=\/wp\/v2\/posts\/12783\/revisions"}],"predecessor-version":[{"id":12786,"href":"https:\/\/lezajsk.przemyska.pl\/index.php?rest_route=\/wp\/v2\/posts\/12783\/revisions\/12786"}],"wp:attachment":[{"href":"https:\/\/lezajsk.przemyska.pl\/index.php?rest_route=%2Fwp%2Fv2%2Fmedia&parent=12783"}],"wp:term":[{"taxonomy":"category","embeddable":true,"href":"https:\/\/lezajsk.przemyska.pl\/index.php?rest_route=%2Fwp%2Fv2%2Fcategories&post=12783"},{"taxonomy":"post_tag","embeddable":true,"href":"https:\/\/lezajsk.przemyska.pl\/index.php?rest_route=%2Fwp%2Fv2%2Ftags&post=12783"}],"curies":[{"name":"wp","href":"https:\/\/api.w.org\/{rel}","templated":true}]}}