
{"id":12754,"date":"2022-03-05T22:17:15","date_gmt":"2022-03-05T21:17:15","guid":{"rendered":"https:\/\/lezajsk.przemyska.pl\/?p=12754"},"modified":"2022-03-05T22:17:15","modified_gmt":"2022-03-05T21:17:15","slug":"i-niedziela-wielkiego-postu-6-03-2022-r","status":"publish","type":"post","link":"https:\/\/lezajsk.przemyska.pl\/?p=12754","title":{"rendered":"I Niedziela Wielkiego Postu &#8211; 6.03.2022 r."},"content":{"rendered":"<ol>\n<li>Dzi\u015b ko\u0144czymy nasze<strong> Parafialne Rekolekcje Wielkopostne<\/strong>. Z ca\u0142ego serca dzi\u0119kujemy <strong> Piotrowi Baraniewiczowi,<\/strong> za g\u0142oszone S\u0142owo Bo\u017ce i\u00a0pomoc w\u00a0odkrywaniu najwa\u017cniejszych prawd naszej chrze\u015bcija\u0144skiej wiary. Niech Dobry B\u00f3g ks. Piotrowi hojnie b\u0142ogos\u0142awi a\u00a0Matka Bo\u017ca Pocieszenia, Pani Le\u017cajska otacza\u00a0swoj\u0105 przemo\u017cn\u0105 opiek\u0105.<\/li>\n<li>Dzi\u015b na <strong> godz. 17.00, <\/strong>zapraszamy wszystkich na pierwsze nabo\u017ce\u0144stwo <strong>Gorzkich \u017bali z kazaniem pasyjnym.<\/strong> Gorzkie \u017bale b\u0119d\u0105 odprawiane jak zawsze w obu ko\u015bcio\u0142ach. Ofiary zbierane w\u00a0czasie nabo\u017ce\u0144stwa Gorzkich \u017bali s\u0105 przeznaczone na kwiaty do Bo\u017cego Grobu. Po Gorzkich \u017balach Msza \u015bw. wieczorna o godz. 18.00.<\/li>\n<li><strong>Nowenna do \u015bw. Andrzeja Boboli z okazji 400 rocznicy Jego \u015bwi\u0119ce\u0144 kap\u0142a\u0144skich<\/strong> w intencji kap\u0142an\u00f3w i o nowe powo\u0142ania kap\u0142a\u0144skie, zakonne i misyjne, dzi\u015b b\u0119dzie po\u0142\u0105czona w Nabo\u017ce\u0144stwem Gorzkich \u017bali. W tygodniu b\u0119dzie si\u0119 ona rozpoczyna\u0107 o\u00a0godz. 17.45 i b\u0119dzie poprzedza\u0107 wieczorn\u0105 Msz\u0119 \u015bw.<\/li>\n<li>Jutro po Mszy \u015bw. wieczornej spotkanie <strong>R\u00f3\u017c R\u00f3\u017ca\u0144cowych, Apostolskiego Dzie\u0142a Pomocy dla Czy\u015b\u0107ca oraz Dzie\u0142a Pomocy Powo\u0142aniom. <\/strong><\/li>\n<li>We wtorek spotkanie<strong> Stra\u017cy Honorowej NSPJ.<\/strong><\/li>\n<li>Tak\u017ce we wtorek <strong>Dzie\u0144 Kobiet<\/strong>. Wszystkim Paniom ju\u017c dzi\u015b sk\u0142adamy najlepsze \u017cyczenia a\u00a0wszystkich m\u0119\u017cczyzn zach\u0119camy do permanentnej \u017cyczliwo\u015bci i wdzi\u0119cznej modlitwy w intencji wszystkich naszych Pa\u0144, zar\u00f3wno we wtorek jak i przez ca\u0142y rok.<\/li>\n<li>We wtorek <strong>nowenna do \u015bw. Antoniego<\/strong>. Pro\u015bby i podzi\u0119kowania sk\u0142adamy przy figurze \u015bwi\u0119tego a po nowennie b\u0142ogos\u0142awie\u0144stwo dzieci.<\/li>\n<li>W \u015brod\u0119 spotkanie <strong>Bractwa Szkaplerza \u015awi\u0119tego. <\/strong>Ca\u0142e Bractwo prosimy w tym dniu o\u00a0szczeg\u00f3ln\u0105 mobilizacj\u0119, poniewa\u017c ju\u017c na Mszy \u015bw. b\u0119dziemy go\u015bci\u0107 wizytatora Bractwa Karmelit\u0119 o. W\u0142odzimierza Tochma\u0144skiego. B\u0119dzie te\u017c mo\u017cliwo\u015b\u0107 przyj\u0119cia szkaplerza. Ch\u0119tnych prosimy o zg\u0142oszenie si\u0119 w zakrystii.<\/li>\n<li>W czwartek rozpoczniemy <strong>nowenn\u0119 przed Uroczysto\u015bci\u0105 \u015aw. J\u00f3zefa \u2013 Oblubie\u0144ca NMP.<\/strong> W tym tygodniu b\u0119dzie ona po\u0142\u0105czona z nowenn\u0105 do \u015bw. Andrzeja Boboli.<\/li>\n<li>W pi\u0105tek nabo\u017ce\u0144stwo <strong>Drogi Krzy\u017cowej<\/strong> rano o godz.<strong>30<\/strong>, popo\u0142udniu <strong>o godz.16.00 dla dzieci a nast\u0119pnie, o godz. 17.30 i 20.00.<\/strong><\/li>\n<li>Tak\u017ce w pi\u0105tek rozpocznie si\u0119 tzw. <strong>kurs przedma\u0142\u017ce\u0144ski czyli<\/strong> <strong>katechezy<\/strong> <strong>przedma\u0142\u017ce\u0144skie <\/strong>i\u00a0b\u0119dzie trwa\u0142 3 dni. Przy okazji kolejny raz przypominamy wszystkim zainteresowanym, \u017ce przygotowanie do ma\u0142\u017ce\u0144stwa to dwa etapy. Pierwszy to wspomniany wy\u017cej tzw. \u201ekurs przedma\u0142\u017ce\u0144ski\u201d, kt\u00f3ry mo\u017ce by\u0107 zrealizowany znacznie wcze\u015bniej nawet kilka lata przed planowanym \u015blubem a drugi etap &#8211; ju\u017c bezpo\u015brednio przed \u015blubem &#8211; to poradnia rodzinna dla narzeczonych, kt\u00f3r\u0105 rozpoczynaj\u0105 narzeczeni 3-4 miesi\u0105ce przed \u015blubem. <strong>Poradnia dla narzeczonych<\/strong> zaprasza w ka\u017cdy II czwartek miesi\u0105ca po Mszy \u015bw. wieczornej. Wszystkie te informacje s\u0105 tak\u017ce umieszczone na naszej stronie parafialnej w zak\u0142adce \u2013 sakrament ma\u0142\u017ce\u0144stwa.<\/li>\n<li>Ca\u0142odzienna <strong>pi\u0105tkowa<\/strong> <strong>adoracja Naj\u015bwi\u0119tszego Sakramentu<\/strong> przez ca\u0142y okres Wielkiego Postu b\u0119dzie si\u0119 rozpoczyna\u0107 po nabo\u017ce\u0144stwie Drogi Krzy\u017cowej oko\u0142o godz. 8.00 i\u00a0ko\u0144czy\u0107 o godz. 16.00.<\/li>\n<li>Dzisiejsza taca mszalna jest przeznaczona na <strong>potrzeby Seminarium Duchownego w\u00a0Przemy\u015blu,<\/strong> za\u015b za tydzie\u0144, w II niedziel\u0119 miesi\u0105ca, taca b\u0119dzie przeznaczona na dalsze planowane <strong>prace remontowe przy naszej parafii. <\/strong>W czasie ostatniej zbi\u00f3rki ofiar z\u00a0przeznaczeniem na ten cel zebrano \u0142\u0105cznie z wp\u0142atami na konto kwot\u0119 <strong>17 588 z\u0142.<\/strong> Tym samym na naszym koncie inwestycyjno &#8211; remontowym mamy <strong>377,5 ty\u015b. z\u0142<\/strong>. Wszystkim darczy\u0144com za ka\u017cd\u0105 przekazan\u0105 z\u0142ot\u00f3wk\u0119, za \u017cyczliwo\u015b\u0107 i\u00a0zrozumienie sk\u0142adamy serdeczne B\u00f3g zap\u0142a\u0107.<\/li>\n<li>Dzi\u015b w spos\u00f3b szczeg\u00f3lny chcemy podzi\u0119kowa\u0107 tym wszystkim, kt\u00f3rzy w minion\u0105 niedziel\u0119 i \u015arod\u0119 Popielcow\u0105 z\u0142o\u017cyli swe <strong>ofiary do puszek Caritas z przeznaczaniem na pomoc uchod\u017acom wojennym z Ukrainy. Zebrali\u015bmy niebagateln\u0105 kwot\u0119 bo prawie 35 ty\u015b z\u0142<\/strong>. Pieni\u0105dze te ju\u017c zosta\u0142y przelane na konto Caritas a zebrane dary materialne, za kt\u00f3re r\u00f3wnie\u017c serdecznie wszystkim, dzi\u0119kujemy zostan\u0105 przekazane do Przemy\u015bla jutro.<\/li>\n<li><strong>W<\/strong> <strong>Siewcy<\/strong> przed po\u0142udniem do nabycia prasa i publikacje<strong>. <\/strong>S\u0105 te\u017c charytatywne paschaliki Caritas (10 z\u0142.). Tam te\u017c, oraz na o\u0142tarzach w\u00a0ko\u015bciele, s\u0105 wy\u0142o\u017cone skarbonki na <strong>ja\u0142mu\u017cn\u0119 wielkopostn\u0105.<\/strong> <strong>[Pragnieniem Caritas jest, aby w\u00a0chrze\u015bcija\u0144skich rodzinach zago\u015bci\u0142a ta symboliczna skarbonka, w kt\u00f3rej wszyscy domownicy, przez ca\u0142y okres Wielkiego Postu, b\u0119d\u0105 sk\u0142ada\u0107 swoje drobne ofiary. Tym samym, rezygnuj\u0105c z\u00a0rzeczy niekoniecznych czy drobnych przyjemno\u015bci podziel\u0105 si\u0119 z\u00a0bardziej potrzebuj\u0105cymi. Dla wszystkich a szczeg\u00f3lnie m\u0142odych i dzieci b\u0119dzie to praktyczna lekcja wyrzeczenia i mi\u0142osierdzia].<\/strong><\/li>\n<li>Przed ko\u015bcio\u0142em z r\u0105k ministrant\u00f3w, b\u0105d\u017a z bocznych o\u0142tarzy, mo\u017cna zabra\u0107 kolejny darmowy numer <strong>Dobrych Nowin.<\/strong><\/li>\n<li><strong>Kino przy naszym Miejskim Centrum Kultury<\/strong> zaprasza na bardzo warto\u015bciowy film pt. <strong>\u201eCud Guadelupe\u201d<\/strong>. Szczeg\u00f3\u0142y na plakatach.<\/li>\n<\/ol>\n<p><strong><u>Intencje zbiorowe: <\/u><\/strong><\/p>\n<ul>\n<li>W intencji Ko\u015bcio\u0142a, Ojczyzny, naszej parafii i naszych rodzin za przyczyn\u0105 \u015bw. Micha\u0142a Archanio\u0142a \u2013 wtorek, godz. 6.30.<\/li>\n<li>Za dusze w czy\u015b\u0107cu cierpi\u0105ce \u2013 intencja od Apostolskiego Dzie\u0142a Pomocy Duszom Czy\u015b\u0107cowym \u2013 wtorek, godz. 7.00.<\/li>\n<li>W intencji nowennowych pr\u00f3\u015bb i podzi\u0119kowa\u0144 do MB Pocieszenia \u2013 \u015broda, godz. 18.00.<\/li>\n<li>Z intencji Ko\u0142a Przyjaci\u00f3\u0142 Radia Maryja \u2013 pi\u0105tek, godz. 18.00.<\/li>\n<li>Z R\u00f3\u017cy b\u0142. Anieli Salawy \u2013 sobota, godz. 18.00.<\/li>\n<li>Z R\u00f3\u017cy \u015bw. Heleny \u2013 niedziela, godz. 10.00.<\/li>\n<\/ul>\n<p>W ostatnim tygodniu odesz\u0142a od nas do wieczno\u015bci <strong>\u015bp. Wanda Piotrowska <\/strong>z ul. Braci \u015aniadeckich \u2013 wieczny odpoczynek \u2026..<\/p>\n<p>&nbsp;<\/p>\n<p>&nbsp;<\/p>\n","protected":false},"excerpt":{"rendered":"<p>Dzi\u015b ko\u0144czymy nasze Parafialne Rekolekcje Wielkopostne. Z ca\u0142ego serca dzi\u0119kujemy Piotrowi Baraniewiczowi, za g\u0142oszone S\u0142owo Bo\u017ce i\u00a0pomoc w\u00a0odkrywaniu najwa\u017cniejszych prawd naszej chrze\u015bcija\u0144skiej wiary. Niech Dobry B\u00f3g ks. Piotrowi hojnie b\u0142ogos\u0142awi a\u00a0Matka Bo\u017ca Pocieszenia, Pani Le\u017cajska otacza\u00a0swoj\u0105 przemo\u017cn\u0105 opiek\u0105. Dzi\u015b na godz. 17.00, zapraszamy wszystkich na pierwsze nabo\u017ce\u0144stwo Gorzkich \u017bali z kazaniem pasyjnym. Gorzkie \u017bale b\u0119d\u0105 [&hellip;]<\/p>\n","protected":false},"author":4,"featured_media":0,"comment_status":"closed","ping_status":"open","sticky":false,"template":"","format":"standard","meta":[],"categories":[5],"tags":[],"_links":{"self":[{"href":"https:\/\/lezajsk.przemyska.pl\/index.php?rest_route=\/wp\/v2\/posts\/12754"}],"collection":[{"href":"https:\/\/lezajsk.przemyska.pl\/index.php?rest_route=\/wp\/v2\/posts"}],"about":[{"href":"https:\/\/lezajsk.przemyska.pl\/index.php?rest_route=\/wp\/v2\/types\/post"}],"author":[{"embeddable":true,"href":"https:\/\/lezajsk.przemyska.pl\/index.php?rest_route=\/wp\/v2\/users\/4"}],"replies":[{"embeddable":true,"href":"https:\/\/lezajsk.przemyska.pl\/index.php?rest_route=%2Fwp%2Fv2%2Fcomments&post=12754"}],"version-history":[{"count":1,"href":"https:\/\/lezajsk.przemyska.pl\/index.php?rest_route=\/wp\/v2\/posts\/12754\/revisions"}],"predecessor-version":[{"id":12755,"href":"https:\/\/lezajsk.przemyska.pl\/index.php?rest_route=\/wp\/v2\/posts\/12754\/revisions\/12755"}],"wp:attachment":[{"href":"https:\/\/lezajsk.przemyska.pl\/index.php?rest_route=%2Fwp%2Fv2%2Fmedia&parent=12754"}],"wp:term":[{"taxonomy":"category","embeddable":true,"href":"https:\/\/lezajsk.przemyska.pl\/index.php?rest_route=%2Fwp%2Fv2%2Fcategories&post=12754"},{"taxonomy":"post_tag","embeddable":true,"href":"https:\/\/lezajsk.przemyska.pl\/index.php?rest_route=%2Fwp%2Fv2%2Ftags&post=12754"}],"curies":[{"name":"wp","href":"https:\/\/api.w.org\/{rel}","templated":true}]}}