
{"id":1275,"date":"2017-04-08T21:40:42","date_gmt":"2017-04-08T19:40:42","guid":{"rendered":"http:\/\/lezajsk.przemyska.pl\/?p=1275"},"modified":"2017-04-08T21:40:42","modified_gmt":"2017-04-08T19:40:42","slug":"niedziela-palmowa-09-04-2017-r","status":"publish","type":"post","link":"https:\/\/lezajsk.przemyska.pl\/?p=1275","title":{"rendered":"Niedziela Palmowa (09.04.2017 r.)"},"content":{"rendered":"<ol>\n<li>Dzi\u015b zapraszamy jeszcze na <strong>nabo\u017ce\u0144stwo Gorzkich \u017bali<\/strong> z kazaniem pasyjnym na godz. 17.00 w obu ko\u015bcio\u0142ach.<\/li>\n<li>Dzisiejsz\u0105 niedziel\u0105 rozpoczynamy<strong> Wielki Tydzie\u0144<\/strong>. Prze\u017cywa\u0107 b\u0119dziemy <strong>\u015awi\u0119te Triduum Paschalne<\/strong>. Niech pami\u0119\u0107 o tym, co uczyni\u0142 Chrystus dla naszego zbawienia, zgromadzi nas jak najliczniej w naszej Farze na tych, jak\u017ce pi\u0119knych, nabo\u017ce\u0144stwach Wielkiego Tygodnia.<\/li>\n<li><strong>Jutro o godz. 10.30<\/strong> specjalne nabo\u017ce\u0144stwo Drogi Krzy\u017cowej, je\u015bli pozwoli pogoda to wok\u00f3\u0142 ko\u015bcio\u0142a, prowadzone przez podopiecznych <strong>Warsztat\u00f3w Terapii Zaj\u0119ciowej<\/strong> przy naszym Caritas.<\/li>\n<li>Tak\u017ce jutro po Mszy \u015bw. wieczornej<strong> spotkanie Akcji Katolickiej, <\/strong>na kt\u00f3re wszystkich cz\u0142onk\u00f3w, kandydat\u00f3w jak i\u00a0sympatyk\u00f3w serdecznie zapraszamy.<\/li>\n<li>We wtorek <strong>dzie\u0144 naszej parafialnej spowiedzi wielkanocnej<\/strong>. Zapraszamy do skorzystania z sakramentu Bo\u017cego Mi\u0142osierdzia w godz.<strong> od 9.00 do 12.00 i popo\u0142udniu od 14.00 do 18.00 z p\u00f3\u0142godzinnymi przerwami o godz. 10.30 i 16.00<\/strong>. Bardzo prosimy nie odk\u0142ada\u0107 spowiedzi na kolejne dni Wielkiego Tygodnia.<\/li>\n<li>Do wtorku, do specjalnego kosza wystawionego przy o\u0142tarzu NSPJ, mo\u017cna sk\u0142ada\u0107 <strong>dary na st\u00f3\u0142 \u015bwi\u0105teczny<\/strong> dla potrzebuj\u0105cych. Caritas pomoc \u015bwi\u0105teczn\u0105 potrzebuj\u0105cym b\u0119dzie wydawa\u0142 we wtorek od godz. 12.00.<\/li>\n<li><strong>Wielki Czwartek<\/strong>. Jest to dzie\u0144 ustanowienia Eucharystii i sakramentu Kap\u0142a\u0144stwa. <strong>Msza Wieczerzy Pa\u0144skiej<\/strong> <strong>zostanie odprawiona o godz. 18.00<\/strong>. Po uroczystej Mszy \u015bw. nast\u0105pi przeniesienie Naj\u015bwi\u0119tszego Sakramentu do Ciemnicy. Adoracja Pana Jezusa w\u00a0Ciemnicy trwa\u0107 b\u0119dzie do godz. 24.00. Zach\u0119camy do adorowania i\u00a0oddania czci Jezusowi.<\/li>\n<li><strong>Tak\u017ce we czwartek z racji 13-tego dnia miesi\u0105ca<\/strong> o godz. 17.30 rozpocznie si\u0119 ostatnia nowenna i r\u00f3\u017caniec z okazji zbli\u017caj\u0105cej si\u0119 <strong>100-tnej rocznicy Objawie\u0144 Fatimskich<\/strong>.<\/li>\n<li><strong>Wielki Pi\u0105tek<\/strong>. Adorujemy Pana Jezusa w Ciemnicy od godz. 7.00 rano. <strong>O godz. 9.00 rozpocznie si\u0119 nabo\u017ce\u0144stwo Drogi Krzy\u017cowej.<\/strong> Serdecznie zapraszamy wszystkich do adoracji w ci\u0105gu dnia a szczeg\u00f3lnie siostry i\u00a0braci z R\u00f3\u017c \u017bywego R\u00f3\u017ca\u0144ca jak i innych grup apostolskich czy modlitewnych. Szczeg\u00f3\u0142owy plan adoracji zostanie wywieszony w gablocie. <strong>Liturgia M\u0119ki Pa\u0144skiej rozpocznie si\u0119 o godz. 18.00<\/strong>, w czasie kt\u00f3rej, po wys\u0142uchaniu M\u0119ki Pa\u0144skiej b\u0119dziemy adorowa\u0107 krzy\u017c Chrystusa, a nast\u0119pnie przeniesiemy Pana Jezusa w\u00a0Naj\u015bwi\u0119tszym Sakramencie do symbolicznego Grobu. Adoracja przy Bo\u017cym Grobie tak\u017ce do godz. 24.00. Zach\u0119camy do osobistej modlitwy i\u00a0adoracji.<\/li>\n<li>Od Wielkiego Pi\u0105tku, rozpoczniemy <strong>nowenn\u0119 przed \u015awi\u0119tem Mi\u0142osierdzia Bo\u017cego.<\/strong> B\u0119dzie si\u0119 ona rozpoczyna\u0107 codziennie <strong>p\u00f3\u0142 godziny przed wieczornym nabo\u017ce\u0144stwem.<\/strong><\/li>\n<li>W Wielki Pi\u0105tek <strong>obowi\u0105zuje post \u015bcis\u0142y<\/strong> ilo\u015bciowy i jako\u015bciowy.<\/li>\n<li><strong>Wielka Sobota<\/strong>. Adoracja Pana Jezusa w Grobie od godz. 7.00. Po\u015bwi\u0119cenie pokarm\u00f3w na st\u00f3\u0142 wielkanocny <strong>od godz. 8.00 do 14.00 co godzin\u0119<\/strong>. <strong>Obrz\u0119d Wigilii Paschalnej rozpocznie si\u0119 o godz. 19.00 <\/strong>od po\u015bwi\u0119cenia ognia przed ko\u015bcio\u0142em. Na to nabo\u017ce\u0144stwo zabieramy ze sob\u0105 \u015bwiece.<\/li>\n<li><strong>Niedziela Zmartwychwstania Pa\u0144skiego<\/strong>. Rezurekcja <strong>o godz. 6.00<\/strong> a nast\u0119pne Msze \u015bw. <strong>o\u00a0godz. 8.30, 10.00 i 30 a tak\u017ce popo\u0142udniu o\u00a0godz. 18.00.<\/strong> <strong>W Niedziel\u0119 Wielkanocn\u0105 jak i w Poniedzia\u0142ek Wielkanocny<\/strong> nie b\u0119dzie tylko Mszy \u015bw. o godz. 16.00. B\u0119d\u0105 Msze \u015bw. w ma\u0142ym ko\u015bciele.<\/li>\n<li>Dzisiejsza taca mszalna jak w ka\u017cd\u0105 II niedziel\u0119 miesi\u0105ca, jest przeznaczona na dalsze planowane <strong>prace remontowe przy naszej parafii. <\/strong>W uzupe\u0142nieniu og\u0142osze\u0144 z\u00a0minionej niedzieli informujemy, i\u017c w czasie ostatniej zbi\u00f3rki ofiar z\u00a0przeznaczeniem na ten cel zebrano \u0142\u0105cznie z wp\u0142atami na konto kwot\u0119 <strong>16 636 z\u0142.<\/strong> Kwota ta sprawia, \u017ce na naszym koncie inwestycyjno &#8211; remontowym mamy <strong>227 ty\u015b. z\u0142<\/strong>. Wszystkim darczy\u0144com za ka\u017cd\u0105 przekazan\u0105 z\u0142ot\u00f3wk\u0119, za \u017cyczliwo\u015b\u0107 i\u00a0zrozumienie sk\u0142adamy serdeczne B\u00f3g zap\u0142a\u0107.<\/li>\n<li><strong>Zako\u0144czona wczoraj zbi\u00f3rka makulatury przynios\u0142a prawie 3 tony<\/strong>, a doch\u00f3d z jej sprzeda\u017cy b\u0119dzie nasz\u0105 kolejn\u0105 cegie\u0142k\u0105 do budowy studni w Czadzie. Wszystkim uczestnikom akcji dzi\u0119kujemy.<\/li>\n<li>Sk\u0142adamy te\u017c serdeczne B\u00f3g zap\u0142a\u0107 za wszystkie ofiary z\u0142o\u017cone na <strong>kwiaty i dekoracje do Bo\u017cego Grobu i Ciemnicy<\/strong> w czasie Gorzkich \u017bali. Przy okazji przypominamy, i\u017c ofiary sk\u0142adane podczas adoracji krzy\u017ca s\u0105 przeznaczone na renowacj\u0119 chrze\u015bcija\u0144skich zabytk\u00f3w w Ziemi \u015awi\u0119tej.<\/li>\n<li>Przed ko\u015bcio\u0142em z r\u0105k ministrant\u00f3w mo\u017cna zabra\u0107 sobie \u015bwi\u0105teczny numer naszej <strong>parafialnej gazetki SIEWCA<\/strong>.<\/li>\n<li><strong>W Siewcy<\/strong> do nabycia \u015bwi\u0105teczn\u0105 pras\u0119 katolick\u0105. Szczeg\u00f3lnie polecamy <strong>baranki wielkanocne i paschaliki Caritas, <\/strong>z kt\u00f3rych doch\u00f3d jest przeznaczony na wsparcie potrzebuj\u0105cych.<\/li>\n<\/ol>\n<p><strong><u>Intencje zbiorowe: <\/u><\/strong><\/p>\n<ul>\n<li>Za \u015bp. Marcel\u0119 Kami\u0144sk\u0105 \u2013 intencja od s\u0105siad\u00f3w c\u00f3rki Gra\u017cyny \u2013 poniedzia\u0142ek, godz. 7.30.<\/li>\n<li>Za \u015bp. Zofi\u0119 Lasek \u2013 intencja od s\u0105siad\u00f3w z ul. Moniuszki \u2013 poniedzia\u0142ek, godz. 18.00.<\/li>\n<li>W intencji nowennowych pr\u00f3\u015bb i podzi\u0119kowa\u0144 do MB Pocieszenia \u2013 \u015broda, godz. 18.00.<\/li>\n<li>Msze \u015bw. w intencji kap\u0142an\u00f3w pracuj\u0105cych w naszej parafii \u2013 od Akcji Katolickiej, Bractwa Szkaplerza \u015bw., R\u00f3\u017c R\u00f3\u017ca\u0144cowych i Stra\u017cy Honorowej NSPJ \u2013 czwartek, godz. 18.00.<\/li>\n<li>Za \u015bp. Wiolett\u0119 Serafin \u2013 intencja od kole\u017canek i koleg\u00f3w z pracy \u2013 sobota, godz. 19.00.<\/li>\n<li>Za \u015bp. Franciszka i Helen\u0119 Kapusta \u2013 intencja od kole\u017canek i koleg\u00f3w c\u00f3rki z Kuratorium O\u015bwiaty w Rzeszowie \u2013 niedziela, godz. 18.00.<\/li>\n<\/ul>\n","protected":false},"excerpt":{"rendered":"<p>Dzi\u015b zapraszamy jeszcze na nabo\u017ce\u0144stwo Gorzkich \u017bali z kazaniem pasyjnym na godz. 17.00 w obu ko\u015bcio\u0142ach. Dzisiejsz\u0105 niedziel\u0105 rozpoczynamy Wielki Tydzie\u0144. Prze\u017cywa\u0107 b\u0119dziemy \u015awi\u0119te Triduum Paschalne. Niech pami\u0119\u0107 o tym, co uczyni\u0142 Chrystus dla naszego zbawienia, zgromadzi nas jak najliczniej w naszej Farze na tych, jak\u017ce pi\u0119knych, nabo\u017ce\u0144stwach Wielkiego Tygodnia. Jutro o godz. 10.30 specjalne [&hellip;]<\/p>\n","protected":false},"author":4,"featured_media":0,"comment_status":"closed","ping_status":"open","sticky":false,"template":"","format":"standard","meta":[],"categories":[5],"tags":[],"_links":{"self":[{"href":"https:\/\/lezajsk.przemyska.pl\/index.php?rest_route=\/wp\/v2\/posts\/1275"}],"collection":[{"href":"https:\/\/lezajsk.przemyska.pl\/index.php?rest_route=\/wp\/v2\/posts"}],"about":[{"href":"https:\/\/lezajsk.przemyska.pl\/index.php?rest_route=\/wp\/v2\/types\/post"}],"author":[{"embeddable":true,"href":"https:\/\/lezajsk.przemyska.pl\/index.php?rest_route=\/wp\/v2\/users\/4"}],"replies":[{"embeddable":true,"href":"https:\/\/lezajsk.przemyska.pl\/index.php?rest_route=%2Fwp%2Fv2%2Fcomments&post=1275"}],"version-history":[{"count":1,"href":"https:\/\/lezajsk.przemyska.pl\/index.php?rest_route=\/wp\/v2\/posts\/1275\/revisions"}],"predecessor-version":[{"id":1276,"href":"https:\/\/lezajsk.przemyska.pl\/index.php?rest_route=\/wp\/v2\/posts\/1275\/revisions\/1276"}],"wp:attachment":[{"href":"https:\/\/lezajsk.przemyska.pl\/index.php?rest_route=%2Fwp%2Fv2%2Fmedia&parent=1275"}],"wp:term":[{"taxonomy":"category","embeddable":true,"href":"https:\/\/lezajsk.przemyska.pl\/index.php?rest_route=%2Fwp%2Fv2%2Fcategories&post=1275"},{"taxonomy":"post_tag","embeddable":true,"href":"https:\/\/lezajsk.przemyska.pl\/index.php?rest_route=%2Fwp%2Fv2%2Ftags&post=1275"}],"curies":[{"name":"wp","href":"https:\/\/api.w.org\/{rel}","templated":true}]}}