
{"id":12733,"date":"2022-02-19T21:39:43","date_gmt":"2022-02-19T20:39:43","guid":{"rendered":"https:\/\/lezajsk.przemyska.pl\/?p=12733"},"modified":"2022-02-19T21:39:43","modified_gmt":"2022-02-19T20:39:43","slug":"vii-niedziela-zwykla-20-02-2022-r","status":"publish","type":"post","link":"https:\/\/lezajsk.przemyska.pl\/?p=12733","title":{"rendered":"VII Niedziela zwyk\u0142a &#8211; 20.02.2022 r."},"content":{"rendered":"<ol>\n<li>Dzi\u015b zapraszamy jeszcze na <strong>nabo\u017ce\u0144stwo eucharystyczne z<\/strong> <strong>Koronk\u0105 do Bo\u017cego Mi\u0142osierdzia<\/strong> na godz. 17.30 a po nim Msza \u015bw. wieczorna.<\/li>\n<li>We wtorek liturgiczne <strong>\u015bwi\u0119to Katedry \u015awi\u0119tego Piotra<\/strong>. B\u0119dzie to okazja do szczeg\u00f3lnej modlitwy w\u00a0intencji Ko\u015bcio\u0142a i Ojca \u015awi\u0119tego.<\/li>\n<li>W czwartek <strong>dzie\u0144 imienin naszego wikariusza ks. Macieja Cebulaka<\/strong>. Pami\u0119tajmy z\u00a0tej okazji o Nim w naszych modlitwach.<\/li>\n<li>W sobot\u0119 26 lutego,<strong> Grupa pielgrzymkowa b\u0142. Marii<\/strong>, zaprasza wszystkich pielgrzym\u00f3w i parafian na Msz\u0119 \u015bw. o godz. 18.00 i czuwanie modlitewne.<\/li>\n<li><strong>Powiatowe Centrum Pomocy Rodzinie w Le\u017cajsku<\/strong>, poszukuje ch\u0119tnych do pe\u0142nienia funkcji \u201erodziny zast\u0119pczej dla dzieci pozbawionych opieki\u201d. Szczeg\u00f3\u0142y na tablicy og\u0142osze\u0144.<\/li>\n<li><strong>W<\/strong> <strong>Siewcy<\/strong> przed po\u0142udniem do nabycia prasa i publikacje<strong>. <\/strong><\/li>\n<\/ol>\n<p><strong><u>Intencje zbiorowe: <\/u><\/strong><\/p>\n<ul>\n<li>W intencji Ko\u015bcio\u0142a, Ojczyzny, naszej parafii i naszych rodzin za przyczyn\u0105 \u015bw. Micha\u0142a Archanio\u0142a \u2013 wtorek, godz. 6.30.<\/li>\n<li>W intencji nowennowych pr\u00f3\u015bb i podzi\u0119kowa\u0144 do MB Pocieszenia \u2013 \u015broda, godz. 18.00.<\/li>\n<li>W intencji ks. Macieja z okazji imienin \u2013 intencja od Bractwa Szkaplerza \u015awi\u0119tego \u2013 czwartek, godz. 18.00.<\/li>\n<li>Z R\u00f3\u017cy \u015bw. Krzysztofa \u2013 niedziela, godz. 7.00.<\/li>\n<li>Za \u015bp. Danut\u0119 Wojas \u2013 intencja od koleg\u00f3w z pracy syna Czes\u0142awa \u2013 niedziela, godz. 9.30 w MK.<\/li>\n<\/ul>\n<p>W ostatnim tygodniu odeszli od nas do wieczno\u015bci <strong>\u015bp. Stanis\u0142aw Zagaja <\/strong>z ul. Lipy,\u00a0<strong>Danuta Nazar<\/strong> z ul. Podolszyny i <strong>Miros\u0142aw Gajewski<\/strong> z ul. Staszica \u2013 wieczny odpoczynek \u2026..<\/p>\n","protected":false},"excerpt":{"rendered":"<p>Dzi\u015b zapraszamy jeszcze na nabo\u017ce\u0144stwo eucharystyczne z Koronk\u0105 do Bo\u017cego Mi\u0142osierdzia na godz. 17.30 a po nim Msza \u015bw. wieczorna. We wtorek liturgiczne \u015bwi\u0119to Katedry \u015awi\u0119tego Piotra. B\u0119dzie to okazja do szczeg\u00f3lnej modlitwy w\u00a0intencji Ko\u015bcio\u0142a i Ojca \u015awi\u0119tego. W czwartek dzie\u0144 imienin naszego wikariusza ks. Macieja Cebulaka. Pami\u0119tajmy z\u00a0tej okazji o Nim w naszych modlitwach. [&hellip;]<\/p>\n","protected":false},"author":4,"featured_media":0,"comment_status":"closed","ping_status":"open","sticky":false,"template":"","format":"standard","meta":[],"categories":[5],"tags":[],"_links":{"self":[{"href":"https:\/\/lezajsk.przemyska.pl\/index.php?rest_route=\/wp\/v2\/posts\/12733"}],"collection":[{"href":"https:\/\/lezajsk.przemyska.pl\/index.php?rest_route=\/wp\/v2\/posts"}],"about":[{"href":"https:\/\/lezajsk.przemyska.pl\/index.php?rest_route=\/wp\/v2\/types\/post"}],"author":[{"embeddable":true,"href":"https:\/\/lezajsk.przemyska.pl\/index.php?rest_route=\/wp\/v2\/users\/4"}],"replies":[{"embeddable":true,"href":"https:\/\/lezajsk.przemyska.pl\/index.php?rest_route=%2Fwp%2Fv2%2Fcomments&post=12733"}],"version-history":[{"count":1,"href":"https:\/\/lezajsk.przemyska.pl\/index.php?rest_route=\/wp\/v2\/posts\/12733\/revisions"}],"predecessor-version":[{"id":12734,"href":"https:\/\/lezajsk.przemyska.pl\/index.php?rest_route=\/wp\/v2\/posts\/12733\/revisions\/12734"}],"wp:attachment":[{"href":"https:\/\/lezajsk.przemyska.pl\/index.php?rest_route=%2Fwp%2Fv2%2Fmedia&parent=12733"}],"wp:term":[{"taxonomy":"category","embeddable":true,"href":"https:\/\/lezajsk.przemyska.pl\/index.php?rest_route=%2Fwp%2Fv2%2Fcategories&post=12733"},{"taxonomy":"post_tag","embeddable":true,"href":"https:\/\/lezajsk.przemyska.pl\/index.php?rest_route=%2Fwp%2Fv2%2Ftags&post=12733"}],"curies":[{"name":"wp","href":"https:\/\/api.w.org\/{rel}","templated":true}]}}