
{"id":12729,"date":"2022-02-12T20:58:17","date_gmt":"2022-02-12T19:58:17","guid":{"rendered":"https:\/\/lezajsk.przemyska.pl\/?p=12729"},"modified":"2022-02-12T20:59:41","modified_gmt":"2022-02-12T19:59:41","slug":"vi-niedziela-zwykla-13-02-2022-r","status":"publish","type":"post","link":"https:\/\/lezajsk.przemyska.pl\/?p=12729","title":{"rendered":"VI Niedziela zwyk\u0142a &#8211; 13.02.2022 r."},"content":{"rendered":"<ol>\n<li>Dzi\u015b <strong>nieszpory niedzielne<\/strong> o godz. 17.30 a po nich Msza \u015bw. wieczorna.<\/li>\n<li>Jutro przypada <strong>\u015bwi\u0119to \u015bwi\u0119tych Cyryla i Metodego<\/strong> \u2013 patron\u00f3w Europy.<\/li>\n<li>We wtorek <strong>nowenna do \u015aw. J\u00f3zefa \u2013 Oblubie\u0144ca NMP<\/strong>. Podzi\u0119kowania i\u00a0pro\u015bby mo\u017cna sk\u0142ada\u0107 bezpo\u015brednio przed nabo\u017ce\u0144stwem na o\u0142tarzu Matki Bo\u017cej.<\/li>\n<li>Dzisiejsza <strong>taca mszalna<\/strong> jest przeznaczona na dalsze, planowane w tym roku prace remontowe przy naszej parafii.<\/li>\n<li><strong>Siostry S\u0142u\u017cebniczki<\/strong> dzi\u0119kuj\u0105 wszystkim tym, kt\u00f3rzy do\u0142o\u017cyli sw\u0105 cegie\u0142k\u0119 pomocy misjom poprzez zbi\u00f3rk\u0119 makulatury. Szczeg\u00f3lne podzi\u0119kowania kierujemy na r\u0119ce <strong>p.<\/strong> <strong>Jana Piotrowskiego<\/strong> koordynatora ca\u0142ej zbi\u00f3rki. Na ten moment makulatur\u0119 mo\u017cna sk\u0142ada\u0107 do kontenera na placu przy Szkole Podstawowej nr 1.<\/li>\n<li>W najbli\u017csz\u0105 niedziel\u0119 20 lutego, Starosta Le\u017cajski zaprasza na <strong>Koncert Powiatowej Orkiestry Divertimento oraz grupy wokalnej Meritum <\/strong>do Franciszka\u0144skiego O\u015brodka Kultury. Pocz\u0105tek, godz. 17.00.<\/li>\n<li>W <strong>Siewcy<\/strong> do nabycia prasa i publikacje katolickie \u2013 serdecznie polecamy.<\/li>\n<\/ol>\n<p><strong><u>Intencje zbiorowe: <\/u><\/strong><\/p>\n<ul>\n<li>Za \u015bp. Henryka Szkodzi\u0144skiego \u2013 intencja od s\u0105siad\u00f3w z klatki \u2013 poniedzia\u0142ek, godz. 18.00.<\/li>\n<li>W intencji Ko\u015bcio\u0142a, Ojczyzny, parafii i naszych rodzin za przyczyn\u0105 \u015awi\u0119tego Micha\u0142a Archanio\u0142a \u2013 wtorek, godz. 6.30.<\/li>\n<li>W intencji nowennowych pr\u00f3\u015bb i podzi\u0119kowa\u0144 do MB Pocieszenia \u2013 \u015broda, godz. 18.00.<\/li>\n<li>Za \u015bp. Idali\u0119 Kuczy\u0144sk\u0105 &#8211; Szczepaniak \u2013 intencja od kole\u017canek z lat m\u0142odo\u015bci \u2013 pi\u0105tek, godz. 18.00.<\/li>\n<\/ul>\n<p>W ostatnim tygodniu odesz\u0142a od nas do wieczno\u015bci <strong>\u015bp. Tadeusza Sienkiewicz<\/strong> z\u00a0ul. Braci \u015aniadeckich \u2013 wieczny odpoczynek \u2026..<\/p>\n","protected":false},"excerpt":{"rendered":"<p>Dzi\u015b nieszpory niedzielne o godz. 17.30 a po nich Msza \u015bw. wieczorna. Jutro przypada \u015bwi\u0119to \u015bwi\u0119tych Cyryla i Metodego \u2013 patron\u00f3w Europy. We wtorek nowenna do \u015aw. J\u00f3zefa \u2013 Oblubie\u0144ca NMP. Podzi\u0119kowania i\u00a0pro\u015bby mo\u017cna sk\u0142ada\u0107 bezpo\u015brednio przed nabo\u017ce\u0144stwem na o\u0142tarzu Matki Bo\u017cej. Dzisiejsza taca mszalna jest przeznaczona na dalsze, planowane w tym roku prace remontowe [&hellip;]<\/p>\n","protected":false},"author":4,"featured_media":0,"comment_status":"closed","ping_status":"open","sticky":false,"template":"","format":"standard","meta":[],"categories":[5],"tags":[],"_links":{"self":[{"href":"https:\/\/lezajsk.przemyska.pl\/index.php?rest_route=\/wp\/v2\/posts\/12729"}],"collection":[{"href":"https:\/\/lezajsk.przemyska.pl\/index.php?rest_route=\/wp\/v2\/posts"}],"about":[{"href":"https:\/\/lezajsk.przemyska.pl\/index.php?rest_route=\/wp\/v2\/types\/post"}],"author":[{"embeddable":true,"href":"https:\/\/lezajsk.przemyska.pl\/index.php?rest_route=\/wp\/v2\/users\/4"}],"replies":[{"embeddable":true,"href":"https:\/\/lezajsk.przemyska.pl\/index.php?rest_route=%2Fwp%2Fv2%2Fcomments&post=12729"}],"version-history":[{"count":2,"href":"https:\/\/lezajsk.przemyska.pl\/index.php?rest_route=\/wp\/v2\/posts\/12729\/revisions"}],"predecessor-version":[{"id":12731,"href":"https:\/\/lezajsk.przemyska.pl\/index.php?rest_route=\/wp\/v2\/posts\/12729\/revisions\/12731"}],"wp:attachment":[{"href":"https:\/\/lezajsk.przemyska.pl\/index.php?rest_route=%2Fwp%2Fv2%2Fmedia&parent=12729"}],"wp:term":[{"taxonomy":"category","embeddable":true,"href":"https:\/\/lezajsk.przemyska.pl\/index.php?rest_route=%2Fwp%2Fv2%2Fcategories&post=12729"},{"taxonomy":"post_tag","embeddable":true,"href":"https:\/\/lezajsk.przemyska.pl\/index.php?rest_route=%2Fwp%2Fv2%2Ftags&post=12729"}],"curies":[{"name":"wp","href":"https:\/\/api.w.org\/{rel}","templated":true}]}}