
{"id":12724,"date":"2022-02-05T21:59:57","date_gmt":"2022-02-05T20:59:57","guid":{"rendered":"https:\/\/lezajsk.przemyska.pl\/?p=12724"},"modified":"2022-02-05T21:59:57","modified_gmt":"2022-02-05T20:59:57","slug":"v-niedziela-zwykla-6-02-2022-r","status":"publish","type":"post","link":"https:\/\/lezajsk.przemyska.pl\/?p=12724","title":{"rendered":"V Niedziela zwyk\u0142a &#8211; 6.02.2022 r."},"content":{"rendered":"<ol>\n<li>Dzi\u015b zapraszamy jeszcze na nabo\u017ce\u0144stwo eucharystyczne z <strong>modlitw\u0105 r\u00f3\u017ca\u0144cow\u0105<\/strong> o\u00a0godz. 17.30.<\/li>\n<li>W tym tygodniu na Msz\u0119 \u015bw. o godz. 18.00, po\u0142\u0105czon\u0105 z po\u015bwi\u0119ceniem modlitewnik\u00f3w <strong>zapraszamy dzieci z klas III<\/strong>, przygotowuj\u0105ce si\u0119 do przyj\u0119cia I Komunii \u015bw. I tak klas\u0119 III ze SP Nr 1 i klas\u0119 III A ze SP nr 2 zapraszamy w poniedzia\u0142ek a klasy III B i\u00a0C ze SP nr 2 zapraszamy we wtorek.<\/li>\n<li>Jutro po Mszy \u015bw. wieczornej spotkanie <strong>R\u00f3\u017c R\u00f3\u017ca\u0144cowych, Apostolskiego Dzie\u0142a Pomocy dla Czy\u015b\u0107ca oraz Dzie\u0142a Pomocy Powo\u0142aniom. <\/strong><\/li>\n<li>We wtorek <strong>nowenna do \u015bw. Antoniego<\/strong> i b\u0142ogos\u0142awie\u0144stwo dzieci. Pro\u015bby i\u00a0podzi\u0119kowania mo\u017cna sk\u0142ada\u0107 przy figurze \u015bwi\u0119tego.<\/li>\n<li>Tak\u017ce we wtorek spotkanie<strong> Stra\u017cy Honorowej NSPJ.<\/strong><\/li>\n<li>W \u015brod\u0119 spotkanie <strong>Bractwa Szkaplerza \u015awi\u0119tego.<\/strong><\/li>\n<li><strong>W pi\u0105tek 11 lutego, w dzie\u0144 liturgicznego wspomnienia Matki Bo\u017cej z Lourdes<\/strong>, b\u0119dziemy obchodzi\u0107 jubileuszowy\u00a0<strong>XXX \u015awiatowy Dzie\u0144 Chorego<\/strong>. Z\u00a0tej okazji, oczywi\u015bcie w miar\u0119 mo\u017cliwo\u015bci, zapraszamy wszystkie osoby starsze i chore na specjaln\u0105 <strong>Msz\u0119 \u015bw. i nabo\u017ce\u0144stwo o\u00a0godz. 10.00<\/strong> w\u00a0czasie, kt\u00f3rego b\u0119dzie mo\u017cna przyj\u0105\u0107 sakrament namaszczenia chorych. Modlitewne spotkanie zako\u0144czy si\u0119 adoracj\u0105 z\u00a0b\u0142ogos\u0142awie\u0144stwem Naj\u015bwi\u0119tszym Sakramentem na spos\u00f3b b\u0142ogos\u0142awie\u0144stwa udzielanego w Lourdes. Przypominamy i uwra\u017cliwiamy, i\u017c sakrament namaszczenia mo\u017ce przyj\u0105\u0107 osoba chora b\u0105d\u017a starsza, b\u0119d\u0105ca w stanie \u0142aski u\u015bwi\u0119caj\u0105cej i po spowiedzi. Dlatego te\u017c, przed Msz\u0105 \u015bw. <strong>od godz. 9.30 b\u0119dzie mo\u017cliwo\u015b\u0107 skorzystania z\u00a0sakramentu pokuty<\/strong>. Tym razem nasza parafia i nasz ko\u015bci\u00f3\u0142 b\u0119dzie jednym z siedmiu ko\u015bcio\u0142\u00f3w stacyjnych w Archidiecezji dlatego nabo\u017ce\u0144stwu b\u0119dzie przewodniczy\u0142 Kanclerz Kurii Metropolitalnej w Przemy\u015blu a zarazem nasz rodak <strong> pra\u0142. Bartosz Rajnowski. <\/strong><\/li>\n<li>Dzisiejsza taca mszalna jest przeznaczona na <strong>potrzeby Archidiecezji,<\/strong> za\u015b za tydzie\u0144, w\u00a0II niedziel\u0119 miesi\u0105ca, taca b\u0119dzie przeznaczona na planowane prace remontowe przy dachu ko\u015bcio\u0142a Farnego. W\u00a0czasie ostatniej zbi\u00f3rki ofiar z\u00a0przeznaczeniem na ten cel, zebrano \u0142\u0105cznie z\u00a0wp\u0142atami na konto kwot\u0119 <strong>19 745 z\u0142.<\/strong> Kwota ta sprawia, \u017ce na naszym koncie inwestycyjno &#8211; remontowym mamy kwot\u0119 <strong>360 ty\u015b. z\u0142<\/strong>. Wszystkim darczy\u0144com za zrozumienie, \u017cyczliwo\u015b\u0107 i\u00a0ka\u017cd\u0105 przekazan\u0105 z\u0142ot\u00f3wk\u0119 sk\u0142adamy serdeczne B\u00f3g zap\u0142a\u0107.<\/li>\n<li>W Siewcy przedpo\u0142udniem do nabycia <strong>prasa i publikacje katolickie. <\/strong><\/li>\n<\/ol>\n<p><strong><u>Intencje zbiorowe: <\/u><\/strong><\/p>\n<ul>\n<li>W intencji Ko\u015bcio\u0142a, Ojczyzny, parafii i naszych rodzin za przyczyn\u0105 \u015awi\u0119tego Micha\u0142a Archanio\u0142a \u2013 wtorek, godz. 6.30.<\/li>\n<li>Za dusze w czy\u015b\u0107cu cierpi\u0105ce \u2013 intencja od Apostolskiego Dzie\u0142a Pomocy dla Czy\u015b\u0107ca \u2013 \u015broda, godz. 7.00.<\/li>\n<li>W intencji nowennowych pr\u00f3\u015bb i podzi\u0119kowa\u0144 do MB Pocieszenia \u2013 \u015broda, godz. 18.00.<\/li>\n<li>Z intencji Bractwa Szkaplerza \u015awi\u0119tego \u2013 pi\u0105tek, godz. 7.00.<\/li>\n<li>W intencji os\u00f3b chorych i starszych \u2013 pi\u0105tek, godz. 10.00.<\/li>\n<li>Z intencji Ko\u0142a Przyjaci\u00f3\u0142 Radia Maryja \u2013 pi\u0105tek, godz. 18.00.<\/li>\n<li>Z R\u00f3\u017cy MB Pocieszenia \u2013 niedziela, godz. 8.30.<\/li>\n<\/ul>\n<p>W ostatnim tygodniu odesz\u0142y od nas do wieczno\u015bci <strong>\u015bp. Danuta Bu\u015b <\/strong>z ul. Mickiewicza, <strong>Anna Mi\u015bkiewicz<\/strong> z ul. Garncarskiej, <strong>Maria Markowicz<\/strong> z ul. Braci \u015aniadeckich, <strong>Helena Chmura<\/strong> z ul. Kopernika i <strong>Agnieszka Derylak <\/strong>z ul. Akacjowej \u2013 wieczny odpoczynek \u2026..<\/p>\n","protected":false},"excerpt":{"rendered":"<p>Dzi\u015b zapraszamy jeszcze na nabo\u017ce\u0144stwo eucharystyczne z modlitw\u0105 r\u00f3\u017ca\u0144cow\u0105 o\u00a0godz. 17.30. W tym tygodniu na Msz\u0119 \u015bw. o godz. 18.00, po\u0142\u0105czon\u0105 z po\u015bwi\u0119ceniem modlitewnik\u00f3w zapraszamy dzieci z klas III, przygotowuj\u0105ce si\u0119 do przyj\u0119cia I Komunii \u015bw. I tak klas\u0119 III ze SP Nr 1 i klas\u0119 III A ze SP nr 2 zapraszamy w poniedzia\u0142ek [&hellip;]<\/p>\n","protected":false},"author":4,"featured_media":0,"comment_status":"closed","ping_status":"open","sticky":false,"template":"","format":"standard","meta":[],"categories":[5],"tags":[],"_links":{"self":[{"href":"https:\/\/lezajsk.przemyska.pl\/index.php?rest_route=\/wp\/v2\/posts\/12724"}],"collection":[{"href":"https:\/\/lezajsk.przemyska.pl\/index.php?rest_route=\/wp\/v2\/posts"}],"about":[{"href":"https:\/\/lezajsk.przemyska.pl\/index.php?rest_route=\/wp\/v2\/types\/post"}],"author":[{"embeddable":true,"href":"https:\/\/lezajsk.przemyska.pl\/index.php?rest_route=\/wp\/v2\/users\/4"}],"replies":[{"embeddable":true,"href":"https:\/\/lezajsk.przemyska.pl\/index.php?rest_route=%2Fwp%2Fv2%2Fcomments&post=12724"}],"version-history":[{"count":1,"href":"https:\/\/lezajsk.przemyska.pl\/index.php?rest_route=\/wp\/v2\/posts\/12724\/revisions"}],"predecessor-version":[{"id":12725,"href":"https:\/\/lezajsk.przemyska.pl\/index.php?rest_route=\/wp\/v2\/posts\/12724\/revisions\/12725"}],"wp:attachment":[{"href":"https:\/\/lezajsk.przemyska.pl\/index.php?rest_route=%2Fwp%2Fv2%2Fmedia&parent=12724"}],"wp:term":[{"taxonomy":"category","embeddable":true,"href":"https:\/\/lezajsk.przemyska.pl\/index.php?rest_route=%2Fwp%2Fv2%2Fcategories&post=12724"},{"taxonomy":"post_tag","embeddable":true,"href":"https:\/\/lezajsk.przemyska.pl\/index.php?rest_route=%2Fwp%2Fv2%2Ftags&post=12724"}],"curies":[{"name":"wp","href":"https:\/\/api.w.org\/{rel}","templated":true}]}}