
{"id":12680,"date":"2022-01-29T19:22:45","date_gmt":"2022-01-29T18:22:45","guid":{"rendered":"https:\/\/lezajsk.przemyska.pl\/?p=12680"},"modified":"2022-01-29T19:23:45","modified_gmt":"2022-01-29T18:23:45","slug":"iv-niedziela-zw-30-01-2022-r","status":"publish","type":"post","link":"https:\/\/lezajsk.przemyska.pl\/?p=12680","title":{"rendered":"IV Niedziela zwyk\u0142a &#8211; 30.01.2022 r."},"content":{"rendered":"<ol>\n<li>Dzi\u0119kujemy naszemu rodakowi <strong> Bartkowi Zakrzewskiemu<\/strong> \u2013 za wyg\u0142oszone dzi\u015b do nas S\u0142owo Bo\u017ce, \u017cyczymy Jemu jak i ca\u0142ej wsp\u00f3lnocie Ruchu \u015awiat\u0142o \u2013 \u017bycie, za kt\u00f3r\u0105 jest w Archidiecezji odpowiedzialny, obfito\u015bci Bo\u017cych dar\u00f3w w dalszej pracy na rzecz dzieci i m\u0142odzie\u017cy a wyrazem naszej \u017cyczliwo\u015bci i chrze\u015bcija\u0144skiej solidarno\u015bci niech b\u0119d\u0105 z\u0142o\u017cone dzi\u015b na tac\u0119 ofiary za kt\u00f3re wszystkim parafianom dzi\u0119kujemy.<\/li>\n<li>Dzi\u015b na godz. 17.30 zapraszamy jeszcze na nabo\u017ce\u0144stwo eucharystyczne <strong>z\u00a0Koronk\u0105 do Bo\u017cego Mi\u0142osierdzia<\/strong>.<\/li>\n<li>Jutro 31 stycznia, dzi\u0119ki uprzejmo\u015bci <strong>Miejskiego Centrum Kultury<\/strong>, <strong>zapraszamy do MCK-u na godz. 16.00, <\/strong>wszystkie grupy parafialne i wszystkich ch\u0119tnych parafian,<strong> na<\/strong> <strong>jase\u0142ka w wykonaniu naszej m\u0142odzie\u017cy i wsp\u00f3lne kol\u0119dowanie<\/strong>. W zwi\u0105zku z\u00a0obowi\u0105zuj\u0105cymi tam limitami, bardzo prosimy aby osoby zaszczepione wzi\u0119\u0142y ze sob\u0105 paszporty covidowe i w ten spos\u00f3b zwolni\u0105 91 miejsc dla os\u00f3b niezaszczepionych. <strong>Przed wej\u015bciem na sal\u0119 nale\u017cy zabra\u0107 z\u00a0kasy darmowy bilet wst\u0119pu<\/strong>. Po zako\u0144czeniu kol\u0119dowania nasza m\u0142odzie\u017c stanie z\u00a0przys\u0142owiowym \u201ekapeluszem na datki\u201d, kt\u00f3re zasil\u0105 ich fundusz rekolekcyjny. Jeszcze raz serdecznie wszystkich zapraszamy.<\/li>\n<li>W \u015brod\u0119 <strong>2 lutego<\/strong> <strong>\u015awi\u0119to Ofiarowania Pa\u0144skiego<\/strong> zwane popularnie \u015bwi\u0119tem MB. Gromnicznej. Msze \u015bw. w naszym ko\u015bciele o godz. <strong>6<\/strong>.<strong>30, 7.00, 8.30 i 10.00<\/strong> oraz popo\u0142udniu o\u00a0godz. <strong>16.00<\/strong> i <strong>18.00<\/strong>. Na pocz\u0105tku ka\u017cdej Mszy \u015bw. b\u0142ogos\u0142awie\u0144stwo gromnic.<\/li>\n<li>\u015awi\u0119to MB Gromnicznej, to r\u00f3wnocze\u015bnie <strong>\u015awiatowy Dzie\u0144 \u017bycia Konsekrowanego<\/strong>. \u0141\u0105czymy si\u0119 w\u00a0tym dniu modlitw\u0105 z\u00a0wszystkimi osobami powo\u0142anymi do \u017cycia zakonnego i\u00a0prosimy o\u00a0nowe, \u015bwi\u0119te powo\u0142ania do tej szczeg\u00f3lnej s\u0142u\u017cby. Swoj\u0105 wdzi\u0119czn\u0105 modlitw\u0105 i\u00a0pami\u0119ci\u0105 obejmijmy szczeg\u00f3lnie <strong>Siostry S\u0142u\u017cebniczki Starowiejskie<\/strong> pos\u0142uguj\u0105ce w\u00a0naszej parafii. Taca z\u00a0Uroczysto\u015bci MB Gromnicznej b\u0119dzie przeznaczona na potrzeby <strong>Si\u00f3str Klauzurowych w\u00a0naszej Archidiecezji<\/strong>.<\/li>\n<li>W \u015bwi\u0119to MB Gromnicznej b\u0119dzie mo\u017cliwo\u015b\u0107 w\u0142\u0105czenia si\u0119 do wsp\u00f3lnoty Bractwa Szkaplerza \u015awi\u0119tego przez <strong>uroczyste przyj\u0119cie znaku szkaplerza <\/strong>w czasie Mszy \u015bw. o\u00a0godz. 18.00. Wszystkich zainteresowanych prosimy o zg\u0142aszanie si\u0119 do zakrystii.<\/li>\n<li>W czwartek przypada <strong>wspomnienie \u015bw. B\u0142a\u017ceja bpa<\/strong>. Po\u015bwi\u0119cenie \u015bwiec i\u00a0jab\u0142ek po ka\u017cdej Mszy \u015bw.<\/li>\n<li>W tym tygodniu przypada<strong> I czwartek, I pi\u0105tek i I sobota miesi\u0105ca.<\/strong> Adoracja Naj\u015bwi\u0119tszego Sakramentu wieczorem zar\u00f3wno w czwartek jak i w pi\u0105tek do godz. 20.00. Spowied\u017a w\u00a0pi\u0105tek od godz. 17.00.<\/li>\n<li>W pi\u0105tek przed po\u0142udniem<strong> odwiedziny chorych w domach z Komuni\u0105 \u015bw<\/strong>. od godz. 9.00.<\/li>\n<li>W sobot\u0119, z racji <strong>wspomnienia \u015bw. Agaty<\/strong> po ka\u017cdej Mszy \u015bw. b\u0142ogos\u0142awie\u0144stwo chleba, wody i soli. Jest to zarazem <strong>dzie\u0144 imienin naszej s. Agaty<\/strong>, pami\u0119tajmy o Niej w\u00a0naszych modlitwach.<\/li>\n<li>W sobot\u0119 wszystkich czcicieli Matki Bo\u017cej, zapraszamy na kolejne <strong>nabo\u017ce\u0144stwo I\u00a0soboty<\/strong>, <strong>wynagradzaj\u0105ce Niepokalanemu Sercu NMP<\/strong>, po\u0142\u0105czone z modlitw\u0105 r\u00f3\u017ca\u0144cow\u0105 na godz. 17.00.<\/li>\n<li>Wzorem lat minionych, z inicjatywy Parafialnego Oddzia\u0142u Akcji Katolickiej, <strong>chcieliby\u015bmy jako wsp\u00f3lnota parafialna wesprze\u0107 wszystkich kandydat\u00f3w do bierzmowania indywidualn\u0105 modlitw\u0105<\/strong>. Dlatego wszystkich ch\u0119tnych, prosimy aby zabra\u0107 z o\u0142tarzy wy\u0142o\u017cone tam obrazki z imieniem konkretnego m\u0142odego kandydata (kandydatki) do bierzmowania i wspiera\u0107 go osobist\u0105 modlitw\u0105 do czasu przyj\u0119cia tego\u017c sakramentu czyli do 26 marca br.<\/li>\n<li><strong>Wczoraj zako\u0144czyli\u015bmy spotkania kol\u0119dowe<\/strong> po\u0142\u0105czone z dedykowan\u0105 Msz\u0105 \u015bw. i\u00a0b\u0142ogos\u0142awie\u0144stwem rodzin naszej parafii. Wszystkim, kt\u00f3rzy odpowiedzieli na to zaproszenie, jak i tym kt\u00f3rzy \u0142\u0105czyli si\u0119 z nami poprzez internet <strong>sk\u0142adamy serdeczne podzi\u0119kowania<\/strong>. B\u00f3g zap\u0142a\u0107 tak\u017ce za sk\u0142adane z\u00a0okazji kol\u0119dy ofiary. Niech Bo\u017ce b\u0142ogos\u0142awie\u0144stwo towarzyszy Wam w ka\u017cdym dniu Nowego Roku. Na o\u0142tarzach s\u0105 te\u017c wy\u0142o\u017cone pozosta\u0142e ksi\u0105\u017ceczki kol\u0119dowe. Wszystkich, kt\u00f3rzy jej jeszcze nie maj\u0105 prosimy o jej zabranie i uwa\u017cn\u0105 lektur\u0119.<\/li>\n<li><strong>W Siewcy<\/strong> przed po\u0142udniem do nabycia <strong>prasa i publikacje katolickie.<\/strong> Z r\u0105k ministrant\u00f3w mo\u017cna odebra\u0107 kolejne darmowe wydanie <strong>Dobrych Nowin <\/strong>\u2013 serdecznie polecamy<strong>.<\/strong><\/li>\n<\/ol>\n<p><strong><u>Intencje zbiorowe: <\/u><\/strong><\/p>\n<ul>\n<li>Msze \u015bw. gregoria\u0144skie za \u015bp. Eugeniusza Konwent, pocz\u0105tek \u2013 poniedzia\u0142ek, godz. 6.30.<\/li>\n<li>Za \u015bp. Damiana Wikiera \u2013 intencja od kole\u017canek mamy \u2013 poniedzia\u0142ek, godz. 7.00.<\/li>\n<li>W intencji Ko\u015bcio\u0142a, Ojczyzny, parafii i naszych rodzin za przyczyn\u0105 \u015awi\u0119tego Micha\u0142a Archanio\u0142a \u2013 wtorek, godz. 6.30.<\/li>\n<li>Za \u015bp. Mariusza Brzuzana \u2013 intencja od s\u0105siad\u00f3w z ul. Rynek \u2013 wtorek, godz. 18.00 i od mieszka\u0144c\u00f3w Osiedla Wierzawice \u2013 pi\u0105tek, godz. 7.00.<\/li>\n<li>Za \u015bp. Aleksandra Trojnara \u2013 intencja od mieszka\u0144c\u00f3w bloku przy ul. Ko\u0142\u0142\u0105taja 8 \u2013 czwartek, godz. 6.30 i od Zarz\u0105du, pracownik\u00f3w i emeryt\u00f3w z MZK w Le\u017cajsku \u2013 pi\u0105tek, godz. 7.00.<\/li>\n<li>Za kap\u0142an\u00f3w i o nowe \u015bwi\u0119te powo\u0142ania kap\u0142a\u0144skie i zakonne \u2013 intencja od Stra\u017cy Honorowej NSPJ \u2013 czwartek, godz. 18.00.<\/li>\n<li>Z intencji Stra\u017cy Honorowej NSPJ \u2013 pi\u0105tek, godz. 18.00.<\/li>\n<li>Wynagradzaj\u0105ca Niepokalanemu Sercu NMP z intencji Bractwa Szkaplerza \u015awi\u0119tego i R\u00f3\u017c R\u00f3\u017ca\u0144cowych \u2013 sobota, godz. 18.00.<\/li>\n<li>W intencji wszystkich os\u00f3b modl\u0105cych si\u0119 w minionym roku przy kapliczce obok stadionu \u2013 niedziela, godz. 8.30.<\/li>\n<li>Z R\u00f3\u017cy \u015bw. Antoniego \u2013 niedziela, godz. 10.00.<\/li>\n<li>Za \u015bp. Stanis\u0142aw\u0119 Dziura \u2013 intencja od s\u0105siad\u00f3w z bloku przy ul. Kopernika 6 \u2013 niedziela, godz. 18.00 (poza parafi\u0105).<\/li>\n<\/ul>\n<p>W ostatnim tygodniu odesz\u0142a od nas do wieczno\u015bci <strong>\u015bp. Stanis\u0142awa Socha <\/strong>zam. Plac Targowy\u00a0\u2013 wieczny odpoczynek\u2026<\/p>\n","protected":false},"excerpt":{"rendered":"<p>Dzi\u0119kujemy naszemu rodakowi Bartkowi Zakrzewskiemu \u2013 za wyg\u0142oszone dzi\u015b do nas S\u0142owo Bo\u017ce, \u017cyczymy Jemu jak i ca\u0142ej wsp\u00f3lnocie Ruchu \u015awiat\u0142o \u2013 \u017bycie, za kt\u00f3r\u0105 jest w Archidiecezji odpowiedzialny, obfito\u015bci Bo\u017cych dar\u00f3w w dalszej pracy na rzecz dzieci i m\u0142odzie\u017cy a wyrazem naszej \u017cyczliwo\u015bci i chrze\u015bcija\u0144skiej solidarno\u015bci niech b\u0119d\u0105 z\u0142o\u017cone dzi\u015b na tac\u0119 ofiary za [&hellip;]<\/p>\n","protected":false},"author":4,"featured_media":0,"comment_status":"closed","ping_status":"open","sticky":false,"template":"","format":"standard","meta":[],"categories":[5],"tags":[],"_links":{"self":[{"href":"https:\/\/lezajsk.przemyska.pl\/index.php?rest_route=\/wp\/v2\/posts\/12680"}],"collection":[{"href":"https:\/\/lezajsk.przemyska.pl\/index.php?rest_route=\/wp\/v2\/posts"}],"about":[{"href":"https:\/\/lezajsk.przemyska.pl\/index.php?rest_route=\/wp\/v2\/types\/post"}],"author":[{"embeddable":true,"href":"https:\/\/lezajsk.przemyska.pl\/index.php?rest_route=\/wp\/v2\/users\/4"}],"replies":[{"embeddable":true,"href":"https:\/\/lezajsk.przemyska.pl\/index.php?rest_route=%2Fwp%2Fv2%2Fcomments&post=12680"}],"version-history":[{"count":2,"href":"https:\/\/lezajsk.przemyska.pl\/index.php?rest_route=\/wp\/v2\/posts\/12680\/revisions"}],"predecessor-version":[{"id":12682,"href":"https:\/\/lezajsk.przemyska.pl\/index.php?rest_route=\/wp\/v2\/posts\/12680\/revisions\/12682"}],"wp:attachment":[{"href":"https:\/\/lezajsk.przemyska.pl\/index.php?rest_route=%2Fwp%2Fv2%2Fmedia&parent=12680"}],"wp:term":[{"taxonomy":"category","embeddable":true,"href":"https:\/\/lezajsk.przemyska.pl\/index.php?rest_route=%2Fwp%2Fv2%2Fcategories&post=12680"},{"taxonomy":"post_tag","embeddable":true,"href":"https:\/\/lezajsk.przemyska.pl\/index.php?rest_route=%2Fwp%2Fv2%2Ftags&post=12680"}],"curies":[{"name":"wp","href":"https:\/\/api.w.org\/{rel}","templated":true}]}}