
{"id":12678,"date":"2022-01-22T22:14:38","date_gmt":"2022-01-22T21:14:38","guid":{"rendered":"https:\/\/lezajsk.przemyska.pl\/?p=12678"},"modified":"2022-01-22T22:14:38","modified_gmt":"2022-01-22T21:14:38","slug":"iii-niedziela-zwykla-23-01-2022-r","status":"publish","type":"post","link":"https:\/\/lezajsk.przemyska.pl\/?p=12678","title":{"rendered":"III Niedziela zwyk\u0142a &#8211; 23.01.2022 r."},"content":{"rendered":"<ol>\n<li>Dzi\u015b zapraszamy jeszcze na <strong>nieszpory niedzielne<\/strong> o\u00a0godz. 17.30.<\/li>\n<li>Tak\u017ce dzi\u015b po\u00a0raz trzeci\u00a0obchodzimy\u00a0<strong>Niedziel\u0119 S\u0142owa Bo\u017cego, <\/strong>zainicjowan\u0105 przez Ojca \u015awi\u0119tego Franciszka. Niech b\u0119dzie to dla nas wszystkich kolejna okazja do rozmi\u0142owania si\u0119 w S\u0142owie Bo\u017cym i lekturze Pisma \u015awi\u0119tego.<\/li>\n<li>We wtorek <strong>\u015awi\u0119to Nawr\u00f3cenia \u015bw. Paw\u0142a<\/strong> i zako\u0144czenie <strong>Tygodnia Powszechnej Modlitwy o\u00a0Jedno\u015b\u0107 Chrze\u015bcijan<\/strong>. Z tej okazji we wtorek zapraszamy na specjalne nabo\u017ce\u0144stwo eucharystyczne z modlitw\u0105 r\u00f3\u017ca\u0144cow\u0105 o godz. 17.30. Za udzia\u0142 w tym nabo\u017ce\u0144stwie mo\u017cna zyska\u0107 odpust zupe\u0142ny.<\/li>\n<li><strong>Harmonogram spotka\u0144 kol\u0119dowych<\/strong> po\u0142\u0105czonych z Msz\u0105 \u015bw. w intencji parafian i\u00a0b\u0142ogos\u0142awie\u0144stwem rodzin na ten tydzie\u0144 jest nast\u0119puj\u0105cy: <strong>poniedzia\u0142ek<\/strong> \u2013 24.01.2022 r. \u2013 ul. Kopernika 1, 2, 3 i 4, <strong>wtorek<\/strong> \u2013 25.01.2022 r. \u2013 ul. Kopernika 5, 6, 7, 9 i 11, <strong>\u015broda<\/strong> \u2013 26.01.2022 r. \u2013 ul. Staszica 1, 3, 5 i 8, <strong>czwartek<\/strong> \u2013 27.01.2022 r. \u2013 ul. Staszica 2\u00a0i 4,\u00a0<strong>pi\u0105tek<\/strong> \u2013 28.01.2022 r. \u2013 ul. Ko\u0142\u0142\u0105taja 1, 1A, 3, 4 i 5 i <strong>sobota<\/strong> \u2013 29.01.2022 r. \u2013 ul. Ko\u0142\u0142\u0105taja 6,7,8 i 10. Ca\u0142y harmonogram jest dost\u0119pny na naszej stronie parafialnej, w\u00a0gazetce Siewca oraz na tablicy og\u0142osze\u0144. Serdecznie zapraszamy.<\/li>\n<li>Za tydzie\u0144, w niedziel\u0119 30 stycznia, b\u0119dziemy go\u015bci\u0107 w naszej parafii <strong> Bart\u0142omieja Zakrzewskiego \u2013 naszego rodaka, Diecezjalnego Moderatora Ruchu \u015awiat\u0142o \u2013 \u017bycie czyli Oazy<\/strong>. Ks. Bartek jest r\u00f3wnocze\u015bnie dyrektorem Domu Rekolekcyjnego Collegium Marianum w Przemy\u015blu. Dom ten wsp\u00f3lnym wysi\u0142kiem Archidiecezji, wielu parafii i\u00a0dobroczy\u0144c\u00f3w zosta\u0142 w\u0142a\u015bnie rozbudowany i gruntownie wyremontowany. Dwa tygodnie temu zosta\u0142 formalnie po\u015bwi\u0119cony i oddany do u\u017cytku ale potrzeba jeszcze wielu \u015brodk\u00f3w na jego wyposa\u017cenie. Ksi\u0105dz Bartek, g\u0142osz\u0105c do nas S\u0142owo Bo\u017ce, b\u0119dzie i\u00a0nas prosi\u0142 o\u00a0wsparcie dlatego ca\u0142a taca mszalna z\u00a0najbli\u017cszej niedzieli b\u0119dzie nasz\u0105 cegie\u0142k\u0105 do\u0142o\u017con\u0105 do tego zbo\u017cnego dzie\u0142a.<\/li>\n<li>Uprzedzaj\u0105c informujemy, i\u017c w poniedzia\u0142ek 31 stycznia, dzi\u0119ki uprzejmo\u015bci Miejskiego Centrum Kultury, zamierzamy zorganizowa\u0107 tam <strong>parafialne jase\u0142ka i wsp\u00f3lne kol\u0119dowanie<\/strong> dla grup parafialnych i wszystkich ch\u0119tnych parafian. O szczeg\u00f3\u0142ach, w\u00a0zwi\u0105zku z tym, \u017ce sytuacja epidemiologiczna jest bardzo dynamiczna, poinformujemy w najbli\u017csz\u0105 niedziel\u0119.<\/li>\n<li>Za\u015b w sobot\u0119 29 stycznia Starosta Le\u017cajski zaprasza na <strong>Noworoczny Koncert Kol\u0119d<\/strong> w\u00a0wykonaniu Orkiestry Divertimento i Grupy Wokalnej Meritum. Odb\u0119dzie si\u0119 on w\u00a0Sali Koncertowej przy Zespole Szk\u00f3\u0142 Licealnych w Le\u017cajsku o godz. 19.30.<\/li>\n<li><strong>W Siewcy<\/strong> przed po\u0142udniem do nabycia <strong>prasa i publikacje katolickie<\/strong> \u2013 serdecznie polecamy<strong>.<\/strong><\/li>\n<\/ol>\n<p><strong><u>Intencje zbiorowe: <\/u><\/strong><\/p>\n<ul>\n<li>W intencji Ko\u015bcio\u0142a, Ojczyzny, parafii i naszych rodzin za przyczyn\u0105 \u015awi\u0119tego Micha\u0142a Archanio\u0142a \u2013 wtorek, godz. 6.30.<\/li>\n<li>Za \u015bp. Stanis\u0142aw\u0119 Skowronek \u2013 intencja od s\u0105siad\u00f3w z klatki \u2013 \u015broda, czwartek, pi\u0105tek i\u00a0sobota, godz. 6.30.<\/li>\n<li>Za \u015bp. Mariusza Brzuzana \u2013 intencja od mieszka\u0144c\u00f3w osiedla Wierzawice \u2013 \u015broda, godz. 7.00.<\/li>\n<li>W intencji nowennowych pr\u00f3\u015bb i podzi\u0119kowa\u0144 do MB Pocieszenia \u2013 \u015broda, godz. 18.00.<\/li>\n<li>Za \u015bp. Damiana Wikiera oraz \u015bp. Ignacego i Salomea \u2013 intencja od si\u00f3str z R\u00f3\u017cy \u015bw. Kazimierza \u2013 pi\u0105tek, godz. 6.30 i za \u015bp. Damiana od s\u0105siad\u00f3w z Rodzinnych Ogr\u00f3dk\u00f3w Dzia\u0142kowych \u2013 niedziela, godz. 7.00.<\/li>\n<\/ul>\n","protected":false},"excerpt":{"rendered":"<p>Dzi\u015b zapraszamy jeszcze na nieszpory niedzielne o\u00a0godz. 17.30. Tak\u017ce dzi\u015b po\u00a0raz trzeci\u00a0obchodzimy\u00a0Niedziel\u0119 S\u0142owa Bo\u017cego, zainicjowan\u0105 przez Ojca \u015awi\u0119tego Franciszka. Niech b\u0119dzie to dla nas wszystkich kolejna okazja do rozmi\u0142owania si\u0119 w S\u0142owie Bo\u017cym i lekturze Pisma \u015awi\u0119tego. We wtorek \u015awi\u0119to Nawr\u00f3cenia \u015bw. Paw\u0142a i zako\u0144czenie Tygodnia Powszechnej Modlitwy o\u00a0Jedno\u015b\u0107 Chrze\u015bcijan. Z tej okazji we wtorek [&hellip;]<\/p>\n","protected":false},"author":4,"featured_media":0,"comment_status":"closed","ping_status":"open","sticky":false,"template":"","format":"standard","meta":[],"categories":[5],"tags":[],"_links":{"self":[{"href":"https:\/\/lezajsk.przemyska.pl\/index.php?rest_route=\/wp\/v2\/posts\/12678"}],"collection":[{"href":"https:\/\/lezajsk.przemyska.pl\/index.php?rest_route=\/wp\/v2\/posts"}],"about":[{"href":"https:\/\/lezajsk.przemyska.pl\/index.php?rest_route=\/wp\/v2\/types\/post"}],"author":[{"embeddable":true,"href":"https:\/\/lezajsk.przemyska.pl\/index.php?rest_route=\/wp\/v2\/users\/4"}],"replies":[{"embeddable":true,"href":"https:\/\/lezajsk.przemyska.pl\/index.php?rest_route=%2Fwp%2Fv2%2Fcomments&post=12678"}],"version-history":[{"count":1,"href":"https:\/\/lezajsk.przemyska.pl\/index.php?rest_route=\/wp\/v2\/posts\/12678\/revisions"}],"predecessor-version":[{"id":12679,"href":"https:\/\/lezajsk.przemyska.pl\/index.php?rest_route=\/wp\/v2\/posts\/12678\/revisions\/12679"}],"wp:attachment":[{"href":"https:\/\/lezajsk.przemyska.pl\/index.php?rest_route=%2Fwp%2Fv2%2Fmedia&parent=12678"}],"wp:term":[{"taxonomy":"category","embeddable":true,"href":"https:\/\/lezajsk.przemyska.pl\/index.php?rest_route=%2Fwp%2Fv2%2Fcategories&post=12678"},{"taxonomy":"post_tag","embeddable":true,"href":"https:\/\/lezajsk.przemyska.pl\/index.php?rest_route=%2Fwp%2Fv2%2Ftags&post=12678"}],"curies":[{"name":"wp","href":"https:\/\/api.w.org\/{rel}","templated":true}]}}