
{"id":12673,"date":"2022-01-15T19:48:39","date_gmt":"2022-01-15T18:48:39","guid":{"rendered":"https:\/\/lezajsk.przemyska.pl\/?p=12673"},"modified":"2022-01-15T19:48:39","modified_gmt":"2022-01-15T18:48:39","slug":"ii-niedziela-zwykla-16-01-2022-r","status":"publish","type":"post","link":"https:\/\/lezajsk.przemyska.pl\/?p=12673","title":{"rendered":"II Niedziela zwyk\u0142a &#8211; 16.01.2022 r."},"content":{"rendered":"<ol>\n<li>Dzi\u015b zapraszamy jeszcze na <strong>nabo\u017ce\u0144stwo eucharystyczne z<\/strong> <strong>modlitw\u0105 r\u00f3\u017ca\u0144cow\u0105<\/strong> o\u00a0godz. 17.30.<\/li>\n<li>Jutro po Mszy \u015bw. <strong>spotkanie Akcji Katolickiej<\/strong>. Wszystkich cz\u0142onk\u00f3w Akcji Katolickiej serdecznie zapraszamy.<\/li>\n<li>We wtorek 18 stycznia, rozpoczyna si\u0119 doroczny <strong>Tydzie\u0144 Modlitw o Jedno\u015b\u0107 Chrze\u015bcijan<\/strong>, kt\u00f3ry zako\u0144czy si\u0119 25 stycznia \u015bwi\u0119tem Nawr\u00f3cenia \u015aw. Paw\u0142a. Ka\u017cdy, kto w\u00a0czasie trwania tego\u017c tygodnia uczyni co\u015b dla jedno\u015bci Ko\u015bcio\u0142a (modlitwa, post, ja\u0142mu\u017cna itp.) i\u00a0we\u017amie udzia\u0142 w\u00a0jego zako\u0144czeniu, zyskuje odpust zupe\u0142ny po zwyk\u0142ymi warunkami.<\/li>\n<li>Tak\u017ce we wtorek <strong>nowenna do \u015aw. J\u00f3zefa \u2013 Oblubie\u0144ca NMP<\/strong>. Podzi\u0119kowania i\u00a0pro\u015bby mo\u017cna sk\u0142ada\u0107 bezpo\u015brednio przed nabo\u017ce\u0144stwem na o\u0142tarzu Matki Bo\u017cej.<\/li>\n<li>W \u015brod\u0119 19 stycznia, przypada liturgiczne <strong>wspomnienie \u015bw. J\u00f3zefa Sebastiana Pelczara<\/strong>.<\/li>\n<li>Tak\u017ce w \u015brod\u0119 na Msz\u0119 \u015bw. i spotkanie formacyjno-organizacyjne zapraszamy <strong>m\u0142odzie\u017c klas VIII, przygotowuj\u0105c\u0105 si\u0119 do przyj\u0119cia sakramentu bierzmowania<\/strong> wraz z rodzicami. B\u0119d\u0105 omawiane wa\u017cne sprawy zwi\u0105zane ze zbli\u017caj\u0105cym si\u0119 bierzmowaniem i poprzedzaj\u0105cymi je rekolekcjami, dlatego prosimy wszystkich o\u00a0niezawodne przybycie.<\/li>\n<li>W najbli\u017csz\u0105 <strong>niedziel\u0119 23 stycznia na Mszy \u015bw. o godz. 11.30<\/strong>, b\u0119dziemy go\u015bci\u0107 dziewcz\u0119cy ch\u00f3r <strong>\u201eCantiamo\u201d<\/strong>, pod batut\u0105 p. Barbary Kuczek. Po Mszy \u015bw. kr\u00f3tki koncert kol\u0119d. Serdecznie zapraszamy.<\/li>\n<li><strong>Harmonogram spotka\u0144 kol\u0119dowych<\/strong> po\u0142\u0105czonych z Msz\u0105 \u015bw. w intencji parafian i\u00a0b\u0142ogos\u0142awie\u0144stwem rodzin na ten tydzie\u0144 jest nast\u0119puj\u0105cy: <strong>poniedzia\u0142ek<\/strong> \u2013 17.01.2022 r. \u2013 ul. Rzeszowska, Rynek, G\u00f3rna, Kr\u00f3tka, Piekarska, Plac Targowy, Targowa, Plac Dworcowy, Plac Jaszowskiego, Furgalskiego oraz \u017bwirki i Wigury, <strong>wtorek<\/strong> \u2013 18.01.2022 r. \u2013 ul. Mickiewicza oraz bloki 53, 54, 55 i 57, <strong>\u015broda<\/strong> \u2013 19.01.2022 r. \u2013 ul. Mickiewicza 60, 62, 63, 63A i 64, <strong>czwartek<\/strong> \u2013 20.01.2022 r. \u2013 ul. M.C. Sk\u0142odowskiej 1\u00a0i\u00a03, <strong>pi\u0105tek<\/strong> \u2013 21.01.2022 r. \u2013 ul. M.C. Sk\u0142odowskiej 5, 7 i 9 i <strong>sobota<\/strong> \u2013 22.01.2022 r. \u2013 ul. Braci \u015aniadeckich 2, 4 i 6. Ca\u0142y harmonogram jest dost\u0119pny na naszej stronie parafialnej, w\u00a0gazetce Siewca oraz na tablicy og\u0142osze\u0144. Serdecznie zapraszamy.<\/li>\n<li><strong>W Siewcy<\/strong> przed po\u0142udniem do nabycia <strong>prasa i publikacje katolickie. <\/strong>Serdecznie polecamy.<\/li>\n<li>Przypominamy, \u017ce na parkingu obok Domu Si\u00f3str przy ul. Furgalskiego, w dalszym ci\u0105gu jest wystawiony <strong>kontener na makulatur\u0119<\/strong>. Uzyskane \u015brodki z jej sprzeda\u017cy b\u0119d\u0105 przeznaczone na budow\u0119 studni w\u00a0misji Si\u00f3str S\u0142u\u017cebniczek w Zambii.<\/li>\n<li><strong>Naczelnik Urz\u0119du Skarbowego w Le\u017cajsku<\/strong> i pracownicy apeluj\u0105 i prosz\u0105 o\u00a0wcze\u015bniejsze umawianie i rezerwacj\u0119 swoich wizyt w urz\u0119dzie drog\u0105 elektroniczn\u0105 za po\u015brednictwem strony; <strong>podatki.gov.pl<\/strong> \u2013 zak\u0142adka um\u00f3w wizyt\u0119 w urz\u0119dzie. Szczeg\u00f3\u0142y tak\u017ce na tablicy og\u0142osze\u0144.<\/li>\n<\/ol>\n<p><strong><u>Intencje zbiorowe: <\/u><\/strong><\/p>\n<ul>\n<li>W intencji Ko\u015bcio\u0142a, Ojczyzny, parafii i naszych rodzin za przyczyn\u0105 \u015awi\u0119tego Micha\u0142a Archanio\u0142a \u2013 wtorek, godz. 6.30.<\/li>\n<li>Za \u015bp. Tadeusza M\u0105czk\u0119 \u2013 intencja od s\u0105siad\u00f3w z ul. Kopernika 5 \u2013 wtorek, godz. 18.00, od s\u0105siad\u00f3w z ul. Kopernika 7 \u2013 \u015broda, godz. 6.30 i od parafian z Przemy\u015bla, z parafii pw. Mi\u0142osierdzia Bo\u017cego \u2013 niedziela, godz. 8.30.<\/li>\n<li>W intencji nowennowych pr\u00f3\u015bb i podzi\u0119kowa\u0144 do MB Pocieszenia \u2013 \u015broda, godz. 18.00.<\/li>\n<li>Z R\u00f3\u017cy \u015bw. Sebastiana \u2013 czwartek, godz. 18.00.<\/li>\n<li>Z R\u00f3\u017cy \u015bw. Bernadety \u2013 niedziela, godz. 18.00.<\/li>\n<\/ul>\n<p>W ostatnim tygodniu odesz\u0142y od nas do wieczno\u015bci <strong>\u015bp.<\/strong> <strong>W\u0142adys\u0142awa Pustelna <\/strong>z\u00a0ul. Kopernika, <strong>W\u0142adys\u0142awa Wawrzaszek<\/strong> z ul. Lipy i <strong>Maria Sarzy\u0144ska<\/strong> z ul. Jaros\u0142awskiej \u00a0\u2013 wieczny odpoczynek \u2026<\/p>\n","protected":false},"excerpt":{"rendered":"<p>Dzi\u015b zapraszamy jeszcze na nabo\u017ce\u0144stwo eucharystyczne z modlitw\u0105 r\u00f3\u017ca\u0144cow\u0105 o\u00a0godz. 17.30. Jutro po Mszy \u015bw. spotkanie Akcji Katolickiej. Wszystkich cz\u0142onk\u00f3w Akcji Katolickiej serdecznie zapraszamy. We wtorek 18 stycznia, rozpoczyna si\u0119 doroczny Tydzie\u0144 Modlitw o Jedno\u015b\u0107 Chrze\u015bcijan, kt\u00f3ry zako\u0144czy si\u0119 25 stycznia \u015bwi\u0119tem Nawr\u00f3cenia \u015aw. Paw\u0142a. Ka\u017cdy, kto w\u00a0czasie trwania tego\u017c tygodnia uczyni co\u015b dla jedno\u015bci [&hellip;]<\/p>\n","protected":false},"author":4,"featured_media":0,"comment_status":"closed","ping_status":"open","sticky":false,"template":"","format":"standard","meta":[],"categories":[5],"tags":[],"_links":{"self":[{"href":"https:\/\/lezajsk.przemyska.pl\/index.php?rest_route=\/wp\/v2\/posts\/12673"}],"collection":[{"href":"https:\/\/lezajsk.przemyska.pl\/index.php?rest_route=\/wp\/v2\/posts"}],"about":[{"href":"https:\/\/lezajsk.przemyska.pl\/index.php?rest_route=\/wp\/v2\/types\/post"}],"author":[{"embeddable":true,"href":"https:\/\/lezajsk.przemyska.pl\/index.php?rest_route=\/wp\/v2\/users\/4"}],"replies":[{"embeddable":true,"href":"https:\/\/lezajsk.przemyska.pl\/index.php?rest_route=%2Fwp%2Fv2%2Fcomments&post=12673"}],"version-history":[{"count":1,"href":"https:\/\/lezajsk.przemyska.pl\/index.php?rest_route=\/wp\/v2\/posts\/12673\/revisions"}],"predecessor-version":[{"id":12674,"href":"https:\/\/lezajsk.przemyska.pl\/index.php?rest_route=\/wp\/v2\/posts\/12673\/revisions\/12674"}],"wp:attachment":[{"href":"https:\/\/lezajsk.przemyska.pl\/index.php?rest_route=%2Fwp%2Fv2%2Fmedia&parent=12673"}],"wp:term":[{"taxonomy":"category","embeddable":true,"href":"https:\/\/lezajsk.przemyska.pl\/index.php?rest_route=%2Fwp%2Fv2%2Fcategories&post=12673"},{"taxonomy":"post_tag","embeddable":true,"href":"https:\/\/lezajsk.przemyska.pl\/index.php?rest_route=%2Fwp%2Fv2%2Ftags&post=12673"}],"curies":[{"name":"wp","href":"https:\/\/api.w.org\/{rel}","templated":true}]}}