
{"id":12663,"date":"2022-01-09T00:27:25","date_gmt":"2022-01-08T23:27:25","guid":{"rendered":"https:\/\/lezajsk.przemyska.pl\/?p=12663"},"modified":"2022-01-09T11:02:03","modified_gmt":"2022-01-09T10:02:03","slug":"niedziela-chrztu-panskiego-09-01-2022-r","status":"publish","type":"post","link":"https:\/\/lezajsk.przemyska.pl\/?p=12663","title":{"rendered":"Niedziela Chrztu Pa\u0144skiego &#8211; 09.01.2022 r."},"content":{"rendered":"<ol>\n<li>Dzi\u015b zapraszamy jeszcze na <strong>nabo\u017ce\u0144stwo eucharystyczne z<\/strong> <strong>Koronk\u0105 do Bo\u017cego Mi\u0142osierdzia<\/strong> o\u00a0godz. 17.30. B\u0119dziemy si\u0119 modli\u0107 w intencji wszystkich rodzin naszej parafii i o ustanie epidemii.<\/li>\n<li>Wraz z dzisiejsz\u0105 niedziel\u0105 <strong>ko\u0144czymy w liturgii okres Bo\u017cego Narodzenia<\/strong>, chocia\u017c kol\u0119dy, przeplatane pie\u015bniami okresowymi, \u015bpiewamy tradycyjnie do 2\u00a0lutego.<\/li>\n<li>We wtorek <strong>nowenna do \u015bw. Antoniego<\/strong> i b\u0142ogos\u0142awie\u0144stwo dzieci. Pro\u015bby i\u00a0podzi\u0119kowania mo\u017cna sk\u0142ada\u0107 przy figurze \u015bwi\u0119tego.<\/li>\n<li><strong>Harmonogram spotka\u0144 kol\u0119dowych<\/strong> po\u0142\u0105czonych z Msz\u0105 \u015bw. w intencji parafian i\u00a0b\u0142ogos\u0142awie\u0144stwem rodzin na ten tydzie\u0144 jest nast\u0119puj\u0105cy: <strong>poniedzia\u0142ek<\/strong> \u2013 10.01.2022 r. \u2013 ul. Sandomierska, Konwaliowa, Krokusowa, B\u0142awatkowa, Irysowa, Tulipanowa, Lawendowa i\u00a0Fio\u0142kowa, <strong>wtorek<\/strong> \u2013 11.01.2022 r. \u2013 ul. Podolszyny, Kasztanowa, Wi\u0119c\u0142awa \u015al\u0105skiego, Baczy\u0144skiego i Witosa, <strong>\u015broda<\/strong> \u2013 12.01.2022 r. \u2013 ul. Sikorskiego, B\u0142onie, Nizinna, 28 Maja i Sportowa, <strong>czwartek<\/strong> \u2013 13.01.2022 r. \u2013 ul. Ogrodowa, Wa\u0142owa, Kwiatowa, Szkolna i\u00a0Garncarska, <strong>pi\u0105tek<\/strong> \u2013 14.01.2022 r. \u2013 ul. S\u0142owackiego, Sanowa, Sp\u00f3\u0142dzielcza i\u00a0Polna oraz <strong>sobota<\/strong> \u2013 15.01.2022 r. \u2013 ul. \u015aw. Kr\u00f3lowej Jadwigi i\u00a0Zmuliska. Ca\u0142y harmonogram jest dost\u0119pny na naszej stronie parafialnej, w\u00a0gazetce Siewca oraz na tablicy og\u0142osze\u0144. Serdecznie zapraszamy.<\/li>\n<li><strong>Odwiedziny kol\u0119dowe na zaproszenie<\/strong>, zostan\u0105 zrealizowane <strong>w czwartek<\/strong> <strong>13 stycznia w godzinach od 16.30 do 18.00<\/strong>. Mamy na ten moment 12 zaprosze\u0144, dlatego kilku ksi\u0119\u017cy r\u00f3wnocze\u015bnie, odwiedzi wszystkich zainteresowanych. Gdyby byli jeszcze nowi ch\u0119tni prosimy zg\u0142asza\u0107 si\u0119 w zakrystii, w kancelarii lub telefonicznie.<\/li>\n<li>Dzisiejsza taca mszalna jest przeznaczona na planowane <strong>prace remontowe przy dachu naszej Fary<\/strong>. Za wszystkie z\u0142o\u017cone dzi\u015b ofiary sk\u0142adamy serdeczne B\u00f3g zap\u0142a\u0107.<\/li>\n<li>W <strong>Siewcy<\/strong> przed po\u0142udniem do nabycia prasa i publikacje katolickie.<\/li>\n<\/ol>\n<p><strong>\u00a0<\/strong><strong><u>Intencje zbiorowe: <\/u><\/strong><\/p>\n<ul>\n<li>Za \u015bp. Ew\u0119 Kwieci\u0144sk\u0105 \u2013 intencja od s\u0105siad\u00f3w \u2013 wtorek, godz. 6.30.<\/li>\n<li>W intencji Ko\u015bcio\u0142a, Ojczyzny, parafii i naszych rodzin za przyczyn\u0105 \u015awi\u0119tego Micha\u0142a Archanio\u0142a \u2013 wtorek, godz. 6.30.<\/li>\n<li>Za \u015bp. Zofi\u0119 Orzelsk\u0105 \u2013 intencja od Zespo\u0142u Szkolno-Przedszkolnego nr 2 w Le\u017cajsku \u2013 \u015broda, godz. 6.30.<\/li>\n<li>W intencji nowennowych pr\u00f3\u015bb i podzi\u0119kowa\u0144 do MB Pocieszenia \u2013 \u015broda, godz. 18.00.<\/li>\n<li>Z intencji Ko\u0142a Przyjaci\u00f3\u0142 Radia Maryja \u2013 pi\u0105tek, godz. 18.00.<\/li>\n<li>Za dusze w czy\u015b\u0107cu cierpi\u0105ce \u2013 intencja od Apostolskiego Dzie\u0142a Pomocy Duszom \u00a0Czy\u015b\u0107cowym \u2013 sobota, godz. 6.30.<\/li>\n<\/ul>\n<p>W ostatnim tygodniu odesz\u0142y od nas do wieczno\u015bci <strong>\u015bp. Helena Horoszko <\/strong>z ul. Podolszyny i\u00a0<strong>Maria Polak<\/strong> z ul. Rzeszowskiej \u2013 wieczny odpoczynek \u2026..<\/p>\n","protected":false},"excerpt":{"rendered":"<p>Dzi\u015b zapraszamy jeszcze na nabo\u017ce\u0144stwo eucharystyczne z Koronk\u0105 do Bo\u017cego Mi\u0142osierdzia o\u00a0godz. 17.30. B\u0119dziemy si\u0119 modli\u0107 w intencji wszystkich rodzin naszej parafii i o ustanie epidemii. Wraz z dzisiejsz\u0105 niedziel\u0105 ko\u0144czymy w liturgii okres Bo\u017cego Narodzenia, chocia\u017c kol\u0119dy, przeplatane pie\u015bniami okresowymi, \u015bpiewamy tradycyjnie do 2\u00a0lutego. We wtorek nowenna do \u015bw. Antoniego i b\u0142ogos\u0142awie\u0144stwo dzieci. Pro\u015bby [&hellip;]<\/p>\n","protected":false},"author":4,"featured_media":0,"comment_status":"closed","ping_status":"open","sticky":false,"template":"","format":"standard","meta":[],"categories":[5],"tags":[],"_links":{"self":[{"href":"https:\/\/lezajsk.przemyska.pl\/index.php?rest_route=\/wp\/v2\/posts\/12663"}],"collection":[{"href":"https:\/\/lezajsk.przemyska.pl\/index.php?rest_route=\/wp\/v2\/posts"}],"about":[{"href":"https:\/\/lezajsk.przemyska.pl\/index.php?rest_route=\/wp\/v2\/types\/post"}],"author":[{"embeddable":true,"href":"https:\/\/lezajsk.przemyska.pl\/index.php?rest_route=\/wp\/v2\/users\/4"}],"replies":[{"embeddable":true,"href":"https:\/\/lezajsk.przemyska.pl\/index.php?rest_route=%2Fwp%2Fv2%2Fcomments&post=12663"}],"version-history":[{"count":2,"href":"https:\/\/lezajsk.przemyska.pl\/index.php?rest_route=\/wp\/v2\/posts\/12663\/revisions"}],"predecessor-version":[{"id":12667,"href":"https:\/\/lezajsk.przemyska.pl\/index.php?rest_route=\/wp\/v2\/posts\/12663\/revisions\/12667"}],"wp:attachment":[{"href":"https:\/\/lezajsk.przemyska.pl\/index.php?rest_route=%2Fwp%2Fv2%2Fmedia&parent=12663"}],"wp:term":[{"taxonomy":"category","embeddable":true,"href":"https:\/\/lezajsk.przemyska.pl\/index.php?rest_route=%2Fwp%2Fv2%2Fcategories&post=12663"},{"taxonomy":"post_tag","embeddable":true,"href":"https:\/\/lezajsk.przemyska.pl\/index.php?rest_route=%2Fwp%2Fv2%2Ftags&post=12663"}],"curies":[{"name":"wp","href":"https:\/\/api.w.org\/{rel}","templated":true}]}}