
{"id":1254,"date":"2017-04-05T13:38:49","date_gmt":"2017-04-05T11:38:49","guid":{"rendered":"http:\/\/lezajsk.przemyska.pl\/?p=1254"},"modified":"2017-04-06T12:08:04","modified_gmt":"2017-04-06T10:08:04","slug":"juz-w-niedziele-palmowa-swiateczny-numer-gazetki-siewca","status":"publish","type":"post","link":"https:\/\/lezajsk.przemyska.pl\/?p=1254","title":{"rendered":"Zmartwychwsta\u0142em&#8230; Czy wierzysz w to?"},"content":{"rendered":"<h5 class=\"red-text text-darken-4\">Ju\u017c w Niedziel\u0119 Palmow\u0105! \u015awi\u0105teczny numer naszej parafialnej gazetki &#8222;SIEWCA&#8221;.<\/h5>\n<p>Wszystkim naszym parafianom oraz sympatykom i wiernym czytelnikom, pragniemy poleci\u0107 najnowszy numer naszego parafialnego czasopisma &#8222;SIEWCA&#8221;. \u015awi\u0105teczny numer po\u015bwi\u0119cony jest dobremu prze\u017cyciu Triduum Paschalnego oraz \u015awi\u0105t Zmartwychwstania Pa\u0144skiego.<\/p>\n<p><!--more-->W tematyk\u0119 Wielkiego Tygodnia i \u015awi\u0105t wprowadza nas ks. Proboszcz w &#8222;Okiem Duszpasterza&#8221; oraz ks. Kamil i ks. Piotr \u00a0w cyklu &#8222;Czas w Liturgii&#8221;. Jako &#8222;Rodzina parafialna&#8221; wyra\u017camy nasz\u0105 wdzi\u0119czno\u015b\u0107 za prze\u017cyte rekolekcje parafialne pod przewodnictwem ks. Pra\u0142. Alberta Warso. Nauczyciele i katecheci z ZSL w Le\u017cajsku wspominaj\u0105 o rekolekcjach szkolnych. W zwi\u0105zku z Wielkim Czwartkiem zach\u0119camy do podj\u0119cia modlitwy za kap\u0142an\u00f3w&#8230; szczeg\u00f3\u0142y w \u015brodku numeru. Oczywi\u015bcie nie mog\u0142o zabrakn\u0105\u0107 przepisu z bogatego skarbca kulinarnych pyszno\u015bci naszej Pani Marii, dlatego w &#8222;Anielskiej Kuchni&#8221; polecamy wielkanocne babki. Pani Aneta, w cyklu &#8222;Podr\u00f3\u017ce ma\u0142e i du\u017ce&#8221; podzieli\u0142a si\u0119 z nami wspomnieniami z wolontariatu w Gruzji. A zdj\u0119cia \u00a0z wydarze\u0144 parafialnych\u00a0przypominaj\u0105 o minionych wydarzeniach, w kt\u00f3rych mieli\u015bmy okazj\u0119 uczestniczy\u0107&#8230;. i wiele innych ciekawych artyku\u0142\u00f3w. Polecamy.<\/p>\n<p style=\"text-align: right;\">Ks. Piotr wraz z Redakcj\u0105<\/p>\n<p>&nbsp;<\/p>\n","protected":false},"excerpt":{"rendered":"<p>Ju\u017c w Niedziel\u0119 Palmow\u0105! \u015awi\u0105teczny numer naszej parafialnej gazetki &#8222;SIEWCA&#8221;. Wszystkim naszym parafianom oraz sympatykom i wiernym czytelnikom, pragniemy poleci\u0107 najnowszy numer naszego parafialnego czasopisma &#8222;SIEWCA&#8221;. \u015awi\u0105teczny numer po\u015bwi\u0119cony jest dobremu prze\u017cyciu Triduum Paschalnego oraz \u015awi\u0105t Zmartwychwstania Pa\u0144skiego.<\/p>\n","protected":false},"author":5,"featured_media":1255,"comment_status":"closed","ping_status":"open","sticky":false,"template":"","format":"standard","meta":[],"categories":[4],"tags":[],"_links":{"self":[{"href":"https:\/\/lezajsk.przemyska.pl\/index.php?rest_route=\/wp\/v2\/posts\/1254"}],"collection":[{"href":"https:\/\/lezajsk.przemyska.pl\/index.php?rest_route=\/wp\/v2\/posts"}],"about":[{"href":"https:\/\/lezajsk.przemyska.pl\/index.php?rest_route=\/wp\/v2\/types\/post"}],"author":[{"embeddable":true,"href":"https:\/\/lezajsk.przemyska.pl\/index.php?rest_route=\/wp\/v2\/users\/5"}],"replies":[{"embeddable":true,"href":"https:\/\/lezajsk.przemyska.pl\/index.php?rest_route=%2Fwp%2Fv2%2Fcomments&post=1254"}],"version-history":[{"count":13,"href":"https:\/\/lezajsk.przemyska.pl\/index.php?rest_route=\/wp\/v2\/posts\/1254\/revisions"}],"predecessor-version":[{"id":1272,"href":"https:\/\/lezajsk.przemyska.pl\/index.php?rest_route=\/wp\/v2\/posts\/1254\/revisions\/1272"}],"wp:featuredmedia":[{"embeddable":true,"href":"https:\/\/lezajsk.przemyska.pl\/index.php?rest_route=\/wp\/v2\/media\/1255"}],"wp:attachment":[{"href":"https:\/\/lezajsk.przemyska.pl\/index.php?rest_route=%2Fwp%2Fv2%2Fmedia&parent=1254"}],"wp:term":[{"taxonomy":"category","embeddable":true,"href":"https:\/\/lezajsk.przemyska.pl\/index.php?rest_route=%2Fwp%2Fv2%2Fcategories&post=1254"},{"taxonomy":"post_tag","embeddable":true,"href":"https:\/\/lezajsk.przemyska.pl\/index.php?rest_route=%2Fwp%2Fv2%2Ftags&post=1254"}],"curies":[{"name":"wp","href":"https:\/\/api.w.org\/{rel}","templated":true}]}}