
{"id":1250,"date":"2017-04-01T21:15:07","date_gmt":"2017-04-01T19:15:07","guid":{"rendered":"http:\/\/lezajsk.przemyska.pl\/?p=1250"},"modified":"2017-04-03T09:41:16","modified_gmt":"2017-04-03T07:41:16","slug":"v-niedziela-wielkiego-postu-02-04-2017-r","status":"publish","type":"post","link":"https:\/\/lezajsk.przemyska.pl\/?p=1250","title":{"rendered":"V Niedziela Wielkiego Postu (02.04.2017 r.)"},"content":{"rendered":"<ol>\n<li>Dzi\u015b zapraszamy jeszcze na nabo\u017ce\u0144stwo <strong>Gorzkich \u017bali z kazaniem pasyjnym<\/strong> w\u00a0obu ko\u015bcio\u0142ach na godz. 17.00.<\/li>\n<li>Jutro po Mszy \u015bw. wieczornej spotkanie <strong>R\u00f3\u017c R\u00f3\u017ca\u0144cowych, Apostolskiego Dzie\u0142a Pomocy dla Czy\u015b\u0107ca oraz Dzie\u0142a Pomocy Powo\u0142aniom<\/strong>.<\/li>\n<li>We wtorek po Mszy \u015bw. spotkanie <strong>Stra\u017cy Honorowej NSPJ.<\/strong><\/li>\n<li>W \u015brod\u0119 spotkanie <strong>Wsp\u00f3lnoty Szkaplerza \u015awi\u0119tego<\/strong>.<\/li>\n<li>Spotkanie dla narzeczonych w ramach Poradni Rodzinnej tym razem wyj\u0105tkowo <strong>tydzie\u0144 wcze\u015bniej a wi\u0119c w najbli\u017cszy czwartek 6 kwietnia<\/strong> po Mszy \u015bw. wieczornej, poniewa\u017c zwyczajowy II czwartek miesi\u0105ca, to Wielki Czwartek.<\/li>\n<li>W tym tygodniu przypada<strong> I czwartek i I pi\u0105tek<\/strong> Spowied\u017a w pi\u0105tek od godz. 17.00.<\/li>\n<li>W pi\u0105tek przed po\u0142udniem<strong> odwiedziny chorych w domach z Komuni\u0105 \u015bw<\/strong>. B\u0119d\u0105 to r\u00f3wnocze\u015bnie odwiedziny z okazji zbli\u017caj\u0105cych si\u0119 \u015bwi\u0105t. Chorych prosimy zg\u0142asza\u0107 w\u00a0zakrystii lub kancelarii parafialnej. Oczywi\u015bcie nie ma potrzeby zg\u0142aszania chorych, kt\u00f3rzy s\u0105 systematycznie odwiedzani w ka\u017cdy I pi\u0105tek miesi\u0105ca.<\/li>\n<li>W pi\u0105tek <strong>Droga Krzy\u017cowa<\/strong> o godz. 8.00 rano i o 16.00 dla dzieci za\u015b <strong>o godz. 16.30 w Bazylice OO. Bernardyn\u00f3w<\/strong> rozpocznie si\u0119 Msza \u015bw. a po niej wsp\u00f3lna miejska Droga Krzy\u017cowa ulicami naszego Miasta z Klasztoru do Fary, na kt\u00f3r\u0105 wszystkich parafian serdecznie zapraszamy. W naszym ko\u015bciele b\u0119dzie Msza \u015bw. o godz. 18.00. Nie b\u0119dzie za\u015b drogi krzy\u017cowej o godz. 17.30 i 20.00.<\/li>\n<li>Tak\u017ce w pi\u0105tek w Ustrzykach Dolnych rozpocznie si\u0119 kolejne <strong>Spotkanie M\u0142odych Archidiecezji Przemyskiej. <\/strong>B\u0119d\u0105 w nim uczestniczy\u0107 tak\u017ce przedstawiciele naszej parafii wraz z ks. Grzegorzem. Wspierajmy ich nasz\u0105 modlitw\u0105, aby ten czas spotkania we wsp\u00f3lnocie m\u0142odych przyni\u00f3s\u0142 pi\u0119kne duchowe owoce.<\/li>\n<li>Najbli\u017csza niedziela 9 kwietnia jest <strong>Niedziel\u0105 M\u0119ki Pa\u0144skiej<\/strong>, czyli Niedziel\u0105 Palmow\u0105. Obrz\u0119d po\u015bwi\u0119cenia palm na pocz\u0105tku ka\u017cdej Mszy \u015bw.<\/li>\n<li>Zgodnie ze starym zwyczajem od dzisiejszej niedzieli mo\u017cna <strong>zas\u0142oni\u0107 krzy\u017ce<\/strong>. Pozostaj\u0105 one zas\u0142oni\u0119te a\u017c do liturgii Wielkiego Pi\u0105tku.<\/li>\n<li>W tym tygodniu organizujemy tak\u017ce kolejn\u0105 <strong>zbi\u00f3rk\u0119 makulatury<\/strong>. Makulatur\u0119 mo\u017cna sk\u0142ada\u0107 obok o\u0142tarza polowego, pod dachem, od poniedzia\u0142ku do pi\u0105tku w\u0142\u0105cznie.<\/li>\n<li>W Niedziel\u0119 Palmow\u0105, Warsztaty Terapii Zaj\u0119ciowej przy naszym Caritas, organizuj\u0105 <strong>\u201eKiermasz \u015awi\u0105teczny\u201d.<\/strong> Sprzedawane b\u0119d\u0105 ozdoby, stroiki \u015bwi\u0105teczne i palmy wykonane przez niepe\u0142nosprawnych uczestnik\u00f3w WTZ.<\/li>\n<li>Dzisiejsza taca mszalna jest przeznaczona na <strong>potrzeby Seminarium Duchownego w\u00a0Przemy\u015blu,<\/strong> za\u015b za tydzie\u0144 jak w ka\u017cd\u0105 II niedziel\u0119 miesi\u0105ca, taca b\u0119dzie przeznaczona na dalsze planowane <strong>prace remontowe przy naszej parafii. <\/strong>W czasie ostatniej zbi\u00f3rki ofiar z\u00a0przeznaczeniem na ten cel zebrano \u0142\u0105cznie z wp\u0142atami na konto kwot\u0119 <strong>16 636 z\u0142.<\/strong> Kwota ta sprawia, \u017ce na naszym koncie inwestycyjno &#8211; remontowym mamy <strong>227 ty\u015b. z\u0142<\/strong>. Wszystkim darczy\u0144com za ka\u017cd\u0105 przekazan\u0105 z\u0142ot\u00f3wk\u0119, za \u017cyczliwo\u015b\u0107 i\u00a0zrozumienie sk\u0142adamy serdeczne B\u00f3g zap\u0142a\u0107.<\/li>\n<li>W Siewcy do nabycia prasa i publikacje katolickie<strong>. <\/strong>S\u0105 tam te\u017c specjalne <strong>baranki i\u00a0paschaliki Caritas,<\/strong> kt\u00f3re obecne na \u015bwi\u0105tecznym stole, b\u0119d\u0105 znakiem naszej solidarno\u015bci z\u00a0bardziej potrzebuj\u0105cymi.<\/li>\n<li><strong>Muzeum Ziemi Le\u017cajskiej<\/strong>, zaprasza dzi\u015b jak i we czwartek na prelekcje o tematyce historycznej. Szczeg\u00f3\u0142y dla zainteresowanych na tablicy og\u0142osze\u0144.<\/li>\n<\/ol>\n<p><strong><u>Intencje zbiorowe: <\/u><\/strong><\/p>\n<ul>\n<li>Za \u015bp. Franciszka Kapust\u0119 \u2013 intencja od Dyrektor\u00f3w Szk\u00f3\u0142 Gminy Le\u017cajsk \u2013 poniedzia\u0142ek, godz. 18.00.<\/li>\n<li>Za \u015bp. Zofi\u0119 Lasek \u2013 intencja od s\u0105siad\u00f3w z ul. Mickiewicza 63A, klatka 2 i 3 \u2013 wtorek, 6.30, od kole\u017canek c\u00f3rki Ewy z oddzia\u0142u noworodk\u00f3w \u2013 \u015broda, godz. 18.00 i od Bractwa Szkaplerza \u015awi\u0119tego \u2013 pi\u0105tek, godz. 7.00.<\/li>\n<li>Za \u015bp. Wiolett\u0119 Serafin \u2013 intencja od kole\u017canek mamy ze sklep\u00f3w w Biedaczowie \u2013 wtorek, godz. 7.30.<\/li>\n<li>Za \u015bp. J\u00f3zef\u0119 Wilk \u2013 intencja od Dyrekcji i pracownik\u00f3w Gimnazjum w Le\u017cajsku \u2013 \u015broda i\u00a0pi\u0105tek, godz. 6.30.<\/li>\n<li>W intencji nowennowych pr\u00f3\u015bb i podzi\u0119kowa\u0144 do MB Pocieszenia \u2013 \u015broda, godz. 18.00.<\/li>\n<li>Z intencji Stra\u017cy Honorowej NSPJ \u2013 pi\u0105tek, godz. 18.00.<\/li>\n<li>Za \u015bp. Stefani\u0119 Wa\u0144 \u2013 intencja od Si\u00f3str S\u0142u\u017cebniczek z \u0141a\u0144cuta \u2013 niedziela, godz. 7.00.<\/li>\n<li>Za \u015bp. Aureli\u0119 Mi\u015bkiewicz \u2013 intencja od s\u0105siad\u00f3w z klatki \u2013 niedziela, godz. 16.00.<\/li>\n<\/ul>\n","protected":false},"excerpt":{"rendered":"<p>Dzi\u015b zapraszamy jeszcze na nabo\u017ce\u0144stwo Gorzkich \u017bali z kazaniem pasyjnym w\u00a0obu ko\u015bcio\u0142ach na godz. 17.00. Jutro po Mszy \u015bw. wieczornej spotkanie R\u00f3\u017c R\u00f3\u017ca\u0144cowych, Apostolskiego Dzie\u0142a Pomocy dla Czy\u015b\u0107ca oraz Dzie\u0142a Pomocy Powo\u0142aniom. We wtorek po Mszy \u015bw. spotkanie Stra\u017cy Honorowej NSPJ. W \u015brod\u0119 spotkanie Wsp\u00f3lnoty Szkaplerza \u015awi\u0119tego. Spotkanie dla narzeczonych w ramach Poradni Rodzinnej tym [&hellip;]<\/p>\n","protected":false},"author":4,"featured_media":0,"comment_status":"closed","ping_status":"open","sticky":false,"template":"","format":"standard","meta":[],"categories":[5],"tags":[],"_links":{"self":[{"href":"https:\/\/lezajsk.przemyska.pl\/index.php?rest_route=\/wp\/v2\/posts\/1250"}],"collection":[{"href":"https:\/\/lezajsk.przemyska.pl\/index.php?rest_route=\/wp\/v2\/posts"}],"about":[{"href":"https:\/\/lezajsk.przemyska.pl\/index.php?rest_route=\/wp\/v2\/types\/post"}],"author":[{"embeddable":true,"href":"https:\/\/lezajsk.przemyska.pl\/index.php?rest_route=\/wp\/v2\/users\/4"}],"replies":[{"embeddable":true,"href":"https:\/\/lezajsk.przemyska.pl\/index.php?rest_route=%2Fwp%2Fv2%2Fcomments&post=1250"}],"version-history":[{"count":2,"href":"https:\/\/lezajsk.przemyska.pl\/index.php?rest_route=\/wp\/v2\/posts\/1250\/revisions"}],"predecessor-version":[{"id":1252,"href":"https:\/\/lezajsk.przemyska.pl\/index.php?rest_route=\/wp\/v2\/posts\/1250\/revisions\/1252"}],"wp:attachment":[{"href":"https:\/\/lezajsk.przemyska.pl\/index.php?rest_route=%2Fwp%2Fv2%2Fmedia&parent=1250"}],"wp:term":[{"taxonomy":"category","embeddable":true,"href":"https:\/\/lezajsk.przemyska.pl\/index.php?rest_route=%2Fwp%2Fv2%2Fcategories&post=1250"},{"taxonomy":"post_tag","embeddable":true,"href":"https:\/\/lezajsk.przemyska.pl\/index.php?rest_route=%2Fwp%2Fv2%2Ftags&post=1250"}],"curies":[{"name":"wp","href":"https:\/\/api.w.org\/{rel}","templated":true}]}}