
{"id":119,"date":"2017-02-07T22:12:39","date_gmt":"2017-02-07T21:12:39","guid":{"rendered":"http:\/\/lezajsk.przemyska.pl\/?p=119"},"modified":"2017-04-06T13:49:27","modified_gmt":"2017-04-06T11:49:27","slug":"ferie-inne-niz-wszystkie-2","status":"publish","type":"post","link":"https:\/\/lezajsk.przemyska.pl\/?p=119","title":{"rendered":"FERIE&#8230; inne ni\u017c wszystkie&#8230;"},"content":{"rendered":"<h2>\u015awiadectwo uczestniczki.<\/h2>\n<h3>Rekolekcje Oazowe &#8211;\u00a0Rzeped\u017a 2017<\/h3>\n<p>Wraz z kilkoma oazowiczkami wyjecha\u0142am na 6 dni do Rzepedzi na Oaz\u0119 \u015awiat\u0142o\u015bci. Prowadzi\u0142 j\u0105 ksi\u0105dz Piotr Stefa\u0144ski, kt\u00f3ry jest wikariuszem w parafii Grodzisko Dolne. Podr\u00f3\u017c z ksi\u0119dzem Grzegorzem min\u0119\u0142a nam szybko, bo w 3 godziny by\u0142y\u015bmy na miejscu. Po wej\u015bciu do \u015brodka Domu Rekolekcyjnego przywita\u0142a nas grupa u\u015bmiechni\u0119tych i otwartych uczestnik\u00f3w i animator\u00f3w. Ka\u017cdy mia\u0142 fosk\u0119, czyli znak przynale\u017cno\u015bci do Ruchu \u015awiat\u0142o \u2013 \u017bycie. Od razu pozna\u0142am kilka os\u00f3b z kt\u00f3rymi wcze\u015bniej pisa\u0142am przez facebooka. Po godzinie z kawa\u0142kiem przydzielili nas do pokoi, rozdali identyfikatory i notatniki. P\u00f3\u017aniej by\u0142a Msza \u015bwi\u0119ta, spotkanie organizacyjne z animatorami. Ka\u017cda z grup mia\u0142a codziennie inny dy\u017cur, np: dy\u017cur gospodarczy, czyli nakrywanie do \u015bniada\u0144, obiad\u00f3w i kolacji, dy\u017cur sanitarny &#8211; sprz\u0105tanie korytarzy; liturgiczny &#8211; obstawianie Eucharystii, itp. O 22.30 mia\u0142a by\u0107 cisza nocna. Wi\u0105za\u0142o si\u0119 to ze zgaszeniem \u015bwiat\u0142a i byciem cicho\u2026 Nie zawsze mam si\u0119 to udawa\u0142o<\/p>\n<p><!--more--><\/p>\n<h3>Standardowy plan dnia:<\/h3>\n<p>7.00 Pobudka (budzi\u0142 nas animator graj\u0105cy na flecie lub dzwoni\u0105c dzwonkami);<\/p>\n<p>7.30 Modlitwy poranne (w kaplicy, kt\u00f3ra by\u0142a w domu rekolekcyjnym , wiec nie musieli\u015bmy nigdzie wychodzi\u0107);<\/p>\n<p>8.00 \u015aniadanie (d\u017cem, ser \u017c\u00f3\u0142ty, chlebek, herbata i kakao\u2026);<br \/>\n9.00 Patron dnia (ka\u017cdego dnia towarzyszy\u0142a nam posta\u0107 innego \u015bwi\u0119tego ,b\u0142ogos\u0142awionego, czy te\u017c ciekawego cz\u0142owieka wiary, kt\u00f3rego \u017cycie poznawali\u015bmy codziennie rano);<br \/>\n10.00 Spotkania z animatorami (czyli spotkania w grupach dzielenia);<br \/>\n11.15 \u015apiew na auli ( o jak ja kocham \u015bpiewa\u0107 !!!!!);<br \/>\n11.45 Namiot spotkania (rozwa\u017cnie przez 15 minut S\u0142owa Bo\u017cego);<\/p>\n<p>12.00 Eucharystia (Kazania ks. Piotra by\u0142y bardzo \u015bmieszne przez co trafia\u0142y do ka\u017cdego uczestnika);<\/p>\n<p>13.00 Obiad (mniam, mniam\u2026);<br \/>\n15.00 Warsztaty (tworzy si\u0119 na nich na przyk\u0142ad piosenk\u0119, scenk\u0119 na dany temat)<\/p>\n<p>16.30 Prezentacja pracy;<\/p>\n<p>17.30 \u015awiadek (dana osoba m\u00f3wi\u0142a swoje \u015bwiadectwo \u017cycia z Bogiem i jego odnalezienia);<\/p>\n<p>18.00 Kolacja \ud83d\ude42<\/p>\n<p>19.00 Pogodny wiecz\u00f3r (zabawy,\u015bpiew,taniec&#8230;)<\/p>\n<p>21.00 Modlitwy wieczorne;<\/p>\n<p>22.30 Cisza nocna;<\/p>\n<p>Czas wolny sp\u0119dzali\u015bmy r\u00f3\u017cnie. Jednego dnia poszli\u015bmy na sanki. W sobot\u0119 wieczorem zamiast pogodnego wieczoru odby\u0142a si\u0119 Adoracja Naj\u015bwi\u0119tszego Sakramentu, namiot spotkania i spowied\u017a. By\u0142 to dla mnie prze\u0142omowy moment tych rekolekcji, zrozumia\u0142am wiele rzeczy, kt\u00f3re nie zawsze dobrze robi\u0142am i dzi\u0119ki Bogu wiem teraz jak to naprawi\u0107. Wieczorem zacz\u0105\u0142 si\u0119 ma\u0142y koncert animatora Micha\u0142a (pseudonim artystyczny &#8211; Miquel Moon) i zaproszonej wokalistki Marty. W niedziel\u0119 po kolacji odby\u0142a si\u0119 Agapa &#8211; ta\u0144ce, rado\u015b\u0107, \u015bpiew . By\u0142a to najlepsza \u201eimpreza\u201d na jakiej by\u0142am. R\u00f3\u017cni\u0142a si\u0119 bardzo od tych gimnazjalnych&#8230; Zako\u0144czy\u0142a si\u0119 ona o p\u00f3\u0142nocy. W poniedzia\u0142ek czyli w dzie\u0144 odjazdu ka\u017cdy cieszy\u0142 si\u0119 ostatnimi chwilami z nowo poznanymi kolegami i kole\u017cankami. Gdy przyjecha\u0142 po nas ksi\u0105dz Piotr Z., nasz wikariusz, nie chcia\u0142y\u015bmy stamt\u0105d jecha\u0107. Tak bardzo zwi\u0105za\u0142y\u015bmy si\u0119 z tymi lud\u017ami.<\/p>\n<p>Na rekolekcjach do\u015bwiadczy\u0142y\u015bmy Boga we wszystkich osobach, kt\u00f3re tam by\u0142y. Spotkania w grupach na\u015bwietli\u0142y nam wiele rzeczy. Nauczy\u0142y\u015bmy si\u0119 modli\u0107 Namiotem Spotkania. Jest to trudne, poniewa\u017c trzeba si\u0119 bardzo skupi\u0107 na danym fragmencie Pisma. Pozna\u0142y\u015bmy wiele warto\u015bciowych os\u00f3b z ca\u0142ej diecezji przemyskiej. By\u0142y to najlepsze ferie zimowe. Dzi\u0119kujmy ksi\u0119dzu Piotrowi, Animatorom i wszystkim uczestnikom za ten wspania\u0142y czas.<\/p>\n<blockquote>\n<p align=\"center\">,, B\u0105d\u017a uwielbiony wiekuisty Bo\u017ce<\/p>\n<p align=\"center\">W ogromnie mocy Swej przychodzisz w pokorze<\/p>\n<p align=\"center\">I nadziej\u0105 nape\u0142niasz serca ludu Swego<\/p>\n<p align=\"center\">Uwielbiony b\u0105d\u017a przez Ducha \u015awi\u0119tego,,<\/p>\n<\/blockquote>\n<p style=\"text-align: right;\" align=\"center\">Izabela Sudo\u0142<\/p>\n","protected":false},"excerpt":{"rendered":"<p>\u015awiadectwo uczestniczki. Rekolekcje Oazowe &#8211;\u00a0Rzeped\u017a 2017 Wraz z kilkoma oazowiczkami wyjecha\u0142am na 6 dni do Rzepedzi na Oaz\u0119 \u015awiat\u0142o\u015bci. Prowadzi\u0142 j\u0105 ksi\u0105dz Piotr Stefa\u0144ski, kt\u00f3ry jest wikariuszem w parafii Grodzisko Dolne. Podr\u00f3\u017c z ksi\u0119dzem Grzegorzem min\u0119\u0142a nam szybko, bo w 3 godziny by\u0142y\u015bmy na miejscu. Po wej\u015bciu do \u015brodka Domu Rekolekcyjnego przywita\u0142a nas grupa u\u015bmiechni\u0119tych [&hellip;]<\/p>\n","protected":false},"author":1,"featured_media":84,"comment_status":"open","ping_status":"open","sticky":false,"template":"","format":"standard","meta":[],"categories":[4],"tags":[],"_links":{"self":[{"href":"https:\/\/lezajsk.przemyska.pl\/index.php?rest_route=\/wp\/v2\/posts\/119"}],"collection":[{"href":"https:\/\/lezajsk.przemyska.pl\/index.php?rest_route=\/wp\/v2\/posts"}],"about":[{"href":"https:\/\/lezajsk.przemyska.pl\/index.php?rest_route=\/wp\/v2\/types\/post"}],"author":[{"embeddable":true,"href":"https:\/\/lezajsk.przemyska.pl\/index.php?rest_route=\/wp\/v2\/users\/1"}],"replies":[{"embeddable":true,"href":"https:\/\/lezajsk.przemyska.pl\/index.php?rest_route=%2Fwp%2Fv2%2Fcomments&post=119"}],"version-history":[{"count":2,"href":"https:\/\/lezajsk.przemyska.pl\/index.php?rest_route=\/wp\/v2\/posts\/119\/revisions"}],"predecessor-version":[{"id":1273,"href":"https:\/\/lezajsk.przemyska.pl\/index.php?rest_route=\/wp\/v2\/posts\/119\/revisions\/1273"}],"wp:featuredmedia":[{"embeddable":true,"href":"https:\/\/lezajsk.przemyska.pl\/index.php?rest_route=\/wp\/v2\/media\/84"}],"wp:attachment":[{"href":"https:\/\/lezajsk.przemyska.pl\/index.php?rest_route=%2Fwp%2Fv2%2Fmedia&parent=119"}],"wp:term":[{"taxonomy":"category","embeddable":true,"href":"https:\/\/lezajsk.przemyska.pl\/index.php?rest_route=%2Fwp%2Fv2%2Fcategories&post=119"},{"taxonomy":"post_tag","embeddable":true,"href":"https:\/\/lezajsk.przemyska.pl\/index.php?rest_route=%2Fwp%2Fv2%2Ftags&post=119"}],"curies":[{"name":"wp","href":"https:\/\/api.w.org\/{rel}","templated":true}]}}