
{"id":117,"date":"2017-02-07T22:11:39","date_gmt":"2017-02-07T21:11:39","guid":{"rendered":"http:\/\/lezajsk.przemyska.pl\/?p=117"},"modified":"2017-02-10T22:30:51","modified_gmt":"2017-02-10T21:30:51","slug":"male-i-wielkie-koledowanie-2","status":"publish","type":"post","link":"https:\/\/lezajsk.przemyska.pl\/?p=117","title":{"rendered":"&#8222;Ma\u0142e i wielkie kol\u0119dowanie&#8221;"},"content":{"rendered":"<h4>Koncert zespo\u0142\u00f3w MCK w Le\u017cajsku&#8230;<\/h4>\n<div>Tradycyjnie jak co roku Miejskie Centrum Kultury w Le\u017cajsku zorganizowa\u0142o w okresie \u015awi\u0105t Bo\u017cego Narodzenia koncert kol\u0119d i pastora\u0142ek pt.: \u201eMA\u0141E I WIELKIE KOL\u0118DOWANIE\u201d. Uroczysto\u015b\u0107 ta odby\u0142a si\u0119 22.01.2017 r. w naszej le\u017cajskiej Farze.<\/div>\n<div>W tym pi\u0119knym wydarzeniu uczestniczy\u0142y zespo\u0142y artystyczne dzia\u0142aj\u0105ce przy Miejskim Centrum Kultury w Le\u017cajsku. Wykonawcy zostali nagrodzeni gromkimi brawami, a tak\u017ce otrzymali s\u0142odko\u015bci z r\u0105k Pana Burmistrza i ks.&nbsp;Proboszcza. Zwie\u0144czeniem koncertu by\u0142o wsp\u00f3lne kol\u0119dowanie.<\/div>\n<div><\/div>\n<div>\n<p><strong>DZI\u0118KUJEMY I ZAPRASZAMY ZA ROK !!!<\/strong><\/div>\n","protected":false},"excerpt":{"rendered":"<p>Koncert zespo\u0142\u00f3w MCK w Le\u017cajsku&#8230; Tradycyjnie jak co roku Miejskie Centrum Kultury w Le\u017cajsku zorganizowa\u0142o w okresie \u015awi\u0105t Bo\u017cego Narodzenia koncert kol\u0119d i pastora\u0142ek pt.: \u201eMA\u0141E I WIELKIE KOL\u0118DOWANIE\u201d. Uroczysto\u015b\u0107 ta odby\u0142a si\u0119 22.01.2017 r. w naszej le\u017cajskiej Farze. W tym pi\u0119knym wydarzeniu uczestniczy\u0142y zespo\u0142y artystyczne dzia\u0142aj\u0105ce przy Miejskim Centrum Kultury w Le\u017cajsku. Wykonawcy zostali [&hellip;]<\/p>\n","protected":false},"author":1,"featured_media":85,"comment_status":"open","ping_status":"open","sticky":false,"template":"","format":"standard","meta":[],"categories":[4],"tags":[],"_links":{"self":[{"href":"https:\/\/lezajsk.przemyska.pl\/index.php?rest_route=\/wp\/v2\/posts\/117"}],"collection":[{"href":"https:\/\/lezajsk.przemyska.pl\/index.php?rest_route=\/wp\/v2\/posts"}],"about":[{"href":"https:\/\/lezajsk.przemyska.pl\/index.php?rest_route=\/wp\/v2\/types\/post"}],"author":[{"embeddable":true,"href":"https:\/\/lezajsk.przemyska.pl\/index.php?rest_route=\/wp\/v2\/users\/1"}],"replies":[{"embeddable":true,"href":"https:\/\/lezajsk.przemyska.pl\/index.php?rest_route=%2Fwp%2Fv2%2Fcomments&post=117"}],"version-history":[{"count":10,"href":"https:\/\/lezajsk.przemyska.pl\/index.php?rest_route=\/wp\/v2\/posts\/117\/revisions"}],"predecessor-version":[{"id":144,"href":"https:\/\/lezajsk.przemyska.pl\/index.php?rest_route=\/wp\/v2\/posts\/117\/revisions\/144"}],"wp:featuredmedia":[{"embeddable":true,"href":"https:\/\/lezajsk.przemyska.pl\/index.php?rest_route=\/wp\/v2\/media\/85"}],"wp:attachment":[{"href":"https:\/\/lezajsk.przemyska.pl\/index.php?rest_route=%2Fwp%2Fv2%2Fmedia&parent=117"}],"wp:term":[{"taxonomy":"category","embeddable":true,"href":"https:\/\/lezajsk.przemyska.pl\/index.php?rest_route=%2Fwp%2Fv2%2Fcategories&post=117"},{"taxonomy":"post_tag","embeddable":true,"href":"https:\/\/lezajsk.przemyska.pl\/index.php?rest_route=%2Fwp%2Fv2%2Ftags&post=117"}],"curies":[{"name":"wp","href":"https:\/\/api.w.org\/{rel}","templated":true}]}}