
{"id":115,"date":"2017-02-07T22:10:48","date_gmt":"2017-02-07T21:10:48","guid":{"rendered":"http:\/\/lezajsk.przemyska.pl\/?p=115"},"modified":"2017-02-07T22:10:48","modified_gmt":"2017-02-07T21:10:48","slug":"tydzien-modlitw-o-jednosc-chrzescijan-2","status":"publish","type":"post","link":"https:\/\/lezajsk.przemyska.pl\/?p=115","title":{"rendered":"Tydzie\u0144 Modlitw o Jedno\u015b\u0107 Chrze\u015bcijan"},"content":{"rendered":"<p>Jak co roku, w dniach od 18 do 25 stycznia, wraz z chrze\u015bcijanami na ca\u0142ym \u015bwiecie, b\u0119dziemy modli\u0107 si\u0119 o jedno\u015b\u0107 chrze\u015bcijan. Has\u0142em tegorocznego Tygodnia Powszechnej Modlitwy o Jedno\u015b\u0107 Chrze\u015bcijan s\u0105 s\u0142owa:\u00a0<strong><em>Pojednanie \u2013 mi\u0142o\u015b\u0107 Chrystusa przynagla nas (2 Kor 5,\u00a0<\/em><\/strong><strong><em>14-20).\u00a0<\/em><\/strong>Niechaj intencja jedno\u015bci stanie si\u0119 przedmiotem intensywnej modlitwy zar\u00f3wno osobistej, jak i w czasie nabo\u017ce\u0144stw parafialnych.<\/p>\n","protected":false},"excerpt":{"rendered":"<p>Jak co roku, w dniach od 18 do 25 stycznia, wraz z chrze\u015bcijanami na ca\u0142ym \u015bwiecie, b\u0119dziemy modli\u0107 si\u0119 o jedno\u015b\u0107 chrze\u015bcijan. Has\u0142em tegorocznego Tygodnia Powszechnej Modlitwy o Jedno\u015b\u0107 Chrze\u015bcijan s\u0105 s\u0142owa:\u00a0Pojednanie \u2013 mi\u0142o\u015b\u0107 Chrystusa przynagla nas (2 Kor 5,\u00a014-20).\u00a0Niechaj intencja jedno\u015bci stanie si\u0119 przedmiotem intensywnej modlitwy zar\u00f3wno osobistej, jak i w czasie nabo\u017ce\u0144stw parafialnych.<\/p>\n","protected":false},"author":1,"featured_media":94,"comment_status":"open","ping_status":"open","sticky":false,"template":"","format":"standard","meta":[],"categories":[4],"tags":[],"_links":{"self":[{"href":"https:\/\/lezajsk.przemyska.pl\/index.php?rest_route=\/wp\/v2\/posts\/115"}],"collection":[{"href":"https:\/\/lezajsk.przemyska.pl\/index.php?rest_route=\/wp\/v2\/posts"}],"about":[{"href":"https:\/\/lezajsk.przemyska.pl\/index.php?rest_route=\/wp\/v2\/types\/post"}],"author":[{"embeddable":true,"href":"https:\/\/lezajsk.przemyska.pl\/index.php?rest_route=\/wp\/v2\/users\/1"}],"replies":[{"embeddable":true,"href":"https:\/\/lezajsk.przemyska.pl\/index.php?rest_route=%2Fwp%2Fv2%2Fcomments&post=115"}],"version-history":[{"count":1,"href":"https:\/\/lezajsk.przemyska.pl\/index.php?rest_route=\/wp\/v2\/posts\/115\/revisions"}],"predecessor-version":[{"id":116,"href":"https:\/\/lezajsk.przemyska.pl\/index.php?rest_route=\/wp\/v2\/posts\/115\/revisions\/116"}],"wp:featuredmedia":[{"embeddable":true,"href":"https:\/\/lezajsk.przemyska.pl\/index.php?rest_route=\/wp\/v2\/media\/94"}],"wp:attachment":[{"href":"https:\/\/lezajsk.przemyska.pl\/index.php?rest_route=%2Fwp%2Fv2%2Fmedia&parent=115"}],"wp:term":[{"taxonomy":"category","embeddable":true,"href":"https:\/\/lezajsk.przemyska.pl\/index.php?rest_route=%2Fwp%2Fv2%2Fcategories&post=115"},{"taxonomy":"post_tag","embeddable":true,"href":"https:\/\/lezajsk.przemyska.pl\/index.php?rest_route=%2Fwp%2Fv2%2Ftags&post=115"}],"curies":[{"name":"wp","href":"https:\/\/api.w.org\/{rel}","templated":true}]}}